{"id":903,"date":"2024-12-13T08:56:11","date_gmt":"2024-12-13T08:56:11","guid":{"rendered":"https:\/\/amberlynhotel.com\/?p=903"},"modified":"2024-12-16T14:07:26","modified_gmt":"2024-12-16T14:07:26","slug":"gyors-megallok-budapesten-megallok-desszertek","status":"publish","type":"post","link":"https:\/\/amberlynhotel.com\/hu\/gyors-megallok-budapesten-megallok-desszertek\/","title":{"rendered":"Gyors meg\u00e1ll\u00f3k Budapesten 2025 | \u00c9des meg\u00e1ll\u00f3k \u00e9s desszertek"},"content":{"rendered":"<p><span style=\"font-weight: 400;\">Ha Budapesten j\u00e1rsz, hamarosan felfedezed, hogy a v\u00e1rosban sz\u00e1mtalan a l\u00e1tnival\u00f3. Pont emiatt nem biztos, hogy az utaz\u00e1sod \u00e9rt\u00e9kes \u00f3r\u00e1it \u00e9rdemes \u00e9ttermekben val\u00f3 v\u00e1rakoz\u00e1ssal elt\u00f6ltened.<\/span><\/p>\n<p><span style=\"font-weight: 400;\">Ilyenkor j\u00f3l j\u00f6het, ha m\u00e1r el\u0151re tudod, hogy hol fogyaszthatsz el egy gyors harapnival\u00f3t a nagy v\u00e1rosn\u00e9z\u00e9sek k\u00f6zepette, an\u00e9lk\u00fcl, hogy ez az \u00e9telek min\u0151s\u00e9g\u00e9nek a rov\u00e1s\u00e1ra menne.<\/span><\/p>\n<p><span style=\"font-weight: 400;\">Pont emiatt \u00f6ssze\u00e1ll\u00edtottunk egy list\u00e1t a legjobb budapesti snack \u00e9s nasi meg\u00e1ll\u00f3kr\u00f3l, ahol gyorsan \u00e9s nyugodtan felt\u00f6lt\u0151dhetsz.<\/span><\/p>\n<h2>Gyors meg\u00e1ll\u00f3k Budapesten 2024<\/h2>\n<p>&nbsp;<\/p>\n<h3><b>Gelarto Rosa<\/b><\/h3>\n<p><i><span style=\"font-weight: 400;\">1051 Budapest, Szent Istv\u00e1n t\u00e9r 3.<\/span><\/i><\/p>\n<p><span style=\"font-weight: 400;\">Ez az \u00e9rdekes fagylaltoz\u00f3 a Szent Istv\u00e1n Bazilika k\u00f6zel\u00e9ben tal\u00e1lhat\u00f3. <\/span><span style=\"font-weight: 400;\">A Gelato Ros\u00e1ban ak\u00e1r n\u00e9gy \u00edz kever\u00e9s\u00e9vel is kipr\u00f3b\u00e1lhatod az egyedi, r\u00f3zsa alak\u00fa fagylaltjukat.<\/span><\/p>\n<p><span style=\"font-weight: 400;\">A fagyiz\u00f3 ismerts\u00e9g\u00e9nek k\u00f6sz\u00f6nhet\u0151en el\u00e9g nagy a turistaforgalom, de ennek ellen\u00e9re \u00e9rdemes kipr\u00f3b\u00e1lni a r\u00f3zsa alak\u00fa fagyit, mind az \u00edzek, mind a k\u00f6zponti elhelyezked\u00e9s miatt.\u00a0<\/span><\/p>\n<p>&nbsp;<\/p>\n<h3><b>The Box Donut<\/b><\/h3>\n<p><i><span style=\"font-weight: 400;\">Ter\u00e9z krt. 62, 1066 Budapest<\/span><\/i><\/p>\n<p><span style=\"font-weight: 400;\">Az \u00edzeken t\u00fal \u00e9rdemes a k\u00f6z\u00f6ss\u00e9gi m\u00e9dia trendjeivel is l\u00e9p\u00e9st tartanod. A The Box Donut f\u00e1nkjaival nem fogsz csal\u00f3d\u00e1st okozni a k\u00f6vet\u0151idnek!<\/span><\/p>\n<p><span style=\"font-weight: 400;\">A fent eml\u00edtett Gelarto Ros\u00e1t\u00f3l mind\u00f6ssze n\u00e9h\u00e1ny l\u00e9p\u00e9sre tal\u00e1lod ezt az interneten egyre n\u00e9pszer\u0171bb\u00e9 v\u00e1l\u00f3 helyet. Specialit\u00e1suk pedig nem m\u00e1s, mint a sz\u00f6gletes, kr\u00e9mmel t\u00f6lt\u00f6tt f\u00e1nk.\u00a0<\/span><\/p>\n<p><span style=\"font-weight: 400;\">A The Box Donut remek lehet\u0151s\u00e9get biztos\u00edt arra, hogy egy gyors snack ut\u00e1n \u00fajult er\u0151vel v\u00e1gj neki a v\u00e1rosnak.<\/span><\/p>\n<p>&nbsp;<\/p>\n<h3><b>Ruszwurm cukr\u00e1szda<\/b><\/h3>\n<p><i><span style=\"font-weight: 400;\">1014 Budapest, Szenth\u00e1roms\u00e1g u. 7.<\/span><\/i><\/p>\n<p><span style=\"font-weight: 400;\">Ha egy gyors, de m\u00e9gis helyi \u00e9dess\u00e9gre v\u00e1gysz, musz\u00e1j lesz kipr\u00f3b\u00e1lnod a dobostort\u00e1t. <\/span><\/p>\n<p><span style=\"font-weight: 400;\">Nev\u00e9t alkot\u00f3j\u00e1r\u00f3l, C. Dobos J\u00f3zsefr\u0151l kapta, aki 1884-ben megalkotta a tort\u00e1t, amely egy pisk\u00f3t\u00e1b\u00f3l \u00e1ll, csokol\u00e1d\u00e9s vajkr\u00e9mmel r\u00e9tegezve, kem\u00e9ny karamell r\u00e9teggel bor\u00edtva. Nem felt\u00e9tlen\u00fcl a leg\u00e9desebb s\u00fctem\u00e9ny, de igaz\u00e1n \u00edzletes.<\/span><\/p>\n<p><span style=\"font-weight: 400;\">Az\u00f3ta ez a 19. sz\u00e1zad eleje \u00f3ta nyitva tart\u00f3 cukr\u00e1szda \u00e1rulja, melynek a h\u00edrnev\u00e9t is k\u00f6sz\u00f6nheti. A dobostort\u00e1n k\u00edv\u00fcl hasonl\u00f3an \u00edzletes s\u00fctem\u00e9nyeket is k\u00e9sz\u00edt a Ruszwurm cukr\u00e1szda.<\/span><\/p>\n<p><span style=\"font-weight: 400;\">A Ruszwurm egy olyan meg\u00e1ll\u00f3, ami nem t\u00fal nagy kit\u00e9r\u0151 a v\u00e1rost felfedezni v\u00e1gy\u00f3knak, hiszen pont \u00fatba esik a Budai V\u00e1rhoz vagy a M\u00e1ty\u00e1s Templomhoz menet.<\/span><\/p>\n<p>&nbsp;<\/p>\n<h3><b>Moln\u00e1r\u2019s k\u00fcrt\u0151skal\u00e1cs<\/b><\/h3>\n<p><i><span style=\"font-weight: 400;\">1052 Budapest, V\u00e1ci u. 31.<\/span><\/i><\/p>\n<p><span style=\"font-weight: 400;\">A k\u00fcrt\u0151skal\u00e1cs egy 1920-ig Magyarorsz\u00e1ghoz tartoz\u00f3 ter\u00fcletr\u0151l, Erd\u00e9lyb\u0151l sz\u00e1rmazik \u00e9s jelenleg a magyar gasztron\u00f3mia egyik legr\u00e9gebbi desszertjek\u00e9nt tartj\u00e1k sz\u00e1mon.<\/span><\/p>\n<p><span style=\"font-weight: 400;\">A k\u00fcrt\u0151skal\u00e1cs fahengerbe sodort t\u00e9szt\u00e1b\u00f3l k\u00e9sz\u00fcl, melyet azt\u00e1n ny\u00edlt t\u0171zre helyeznek. Ezut\u00e1n, amikor m\u00e1r ropog\u00f3s \u00e9s \u00e9des, felt\u00e9t ker\u00fcl r\u00e1, p\u00e9ld\u00e1ul cukor, csokol\u00e1d\u00e9 vagy fah\u00e9j.<\/span><\/p>\n<p><span style=\"font-weight: 400;\">Els\u0151 r\u00e1n\u00e9z\u00e9sre nem biztos, hogy annyira szembet\u0171n\u0151 ez a k\u00fcrt\u00f6skal\u00e1csoz\u00f3, de ha sz\u00edvesen kipr\u00f3b\u00e1ln\u00e1d ezt a hungarikumot, akkor azt javasoljuk, hogy ezt itt tedd meg.\u00a0<\/span><\/p>\n<p><span style=\"font-weight: 400;\">Az \u00e9des meg\u00e1ll\u00f3 ism\u00e9t a v\u00e1ros valamelyik \u00e9rdekes pontja fel\u00e9 vezet\u0151 \u00faton lesz, hiszen az Erzs\u00e9bet h\u00eddt\u00f3l mind\u00f6ssze n\u00e9h\u00e1ny m\u00e9terre tal\u00e1lhat\u00f3.<\/span><\/p>\n","protected":false},"excerpt":{"rendered":"<p>Ha Budapesten j\u00e1rsz, hamarosan felfedezed, hogy a v\u00e1rosban sz\u00e1mtalan a l\u00e1tnival\u00f3. Pont emiatt nem biztos, hogy az utaz\u00e1sod \u00e9rt\u00e9kes \u00f3r\u00e1it \u00e9rdemes \u00e9ttermekben val\u00f3 v\u00e1rakoz\u00e1ssal elt\u00f6ltened. Ilyenkor j\u00f3l j\u00f6het, ha m\u00e1r el\u0151re tudod, hogy hol fogyaszthatsz el egy gyors harapnival\u00f3t a nagy v\u00e1rosn\u00e9z\u00e9sek k\u00f6zepette, an\u00e9lk\u00fcl, hogy ez az \u00e9telek min\u0151s\u00e9g\u00e9nek a rov\u00e1s\u00e1ra menne. Pont emiatt \u00f6ssze\u00e1ll\u00edtottunk [&hellip;]<\/p>\n","protected":false},"author":4,"featured_media":735,"comment_status":"closed","ping_status":"closed","sticky":false,"template":"","format":"standard","meta":{"pgc_sgb_lightbox_settings":"","footnotes":""},"categories":[31,30],"tags":[],"class_list":["post-903","post","type-post","status-publish","format-standard","has-post-thumbnail","hentry","category-etelek","category-italok"],"acf":[],"yoast_head":"<!-- This site is optimized with the Yoast SEO plugin v26.1.1 - https:\/\/yoast.com\/wordpress\/plugins\/seo\/ -->\n<title>Gyors meg\u00e1ll\u00f3k Budapesten 2025 | \u00c9des meg\u00e1ll\u00f3k \u00e9s desszertek<\/title>\n<meta name=\"description\" content=\"2025-es list\u00e1nkon bemutatjuk azokat a helyeket, ahol \u00e9rdemes meg\u00e1llnod egy gyors falatra.\" \/>\n<meta name=\"robots\" content=\"index, follow, max-snippet:-1, max-image-preview:large, max-video-preview:-1\" \/>\n<link rel=\"canonical\" href=\"https:\/\/amberlynhotel.com\/hu\/gyors-megallok-budapesten-megallok-desszertek\/\" \/>\n<meta property=\"og:locale\" content=\"hu_HU\" \/>\n<meta property=\"og:type\" content=\"article\" \/>\n<meta property=\"og:title\" content=\"Gyors meg\u00e1ll\u00f3k Budapesten 2025 | \u00c9des meg\u00e1ll\u00f3k \u00e9s desszertek\" \/>\n<meta property=\"og:description\" content=\"2025-es list\u00e1nkon bemutatjuk azokat a helyeket, ahol \u00e9rdemes meg\u00e1llnod egy gyors falatra.\" \/>\n<meta property=\"og:url\" content=\"https:\/\/amberlynhotel.com\/hu\/gyors-megallok-budapesten-megallok-desszertek\/\" \/>\n<meta property=\"og:site_name\" content=\"The Amberlyn Suite Hotel Budapest\" \/>\n<meta property=\"article:published_time\" content=\"2024-12-13T08:56:11+00:00\" \/>\n<meta property=\"article:modified_time\" content=\"2024-12-16T14:07:26+00:00\" \/>\n<meta property=\"og:image\" content=\"https:\/\/amberlynhotel.com\/wp-content\/uploads\/2023\/05\/snack-and-go.jpg\" \/>\n\t<meta property=\"og:image:width\" content=\"1920\" \/>\n\t<meta property=\"og:image:height\" content=\"1280\" \/>\n\t<meta property=\"og:image:type\" content=\"image\/jpeg\" \/>\n<meta name=\"author\" content=\"WSTeam\" \/>\n<meta name=\"twitter:card\" content=\"summary_large_image\" \/>\n<meta name=\"twitter:label1\" content=\"Szerz\u0151:\" \/>\n\t<meta name=\"twitter:data1\" content=\"WSTeam\" \/>\n\t<meta name=\"twitter:label2\" content=\"Becs\u00fclt olvas\u00e1si id\u0151\" \/>\n\t<meta name=\"twitter:data2\" content=\"2 perc\" \/>\n<script type=\"application\/ld+json\" class=\"yoast-schema-graph\">{\"@context\":\"https:\/\/schema.org\",\"@graph\":[{\"@type\":\"Article\",\"@id\":\"https:\/\/amberlynhotel.com\/hu\/gyors-megallok-budapesten-megallok-desszertek\/#article\",\"isPartOf\":{\"@id\":\"https:\/\/amberlynhotel.com\/hu\/gyors-megallok-budapesten-megallok-desszertek\/\"},\"author\":{\"name\":\"WSTeam\",\"@id\":\"https:\/\/amberlynhotel.com\/hu\/#\/schema\/person\/45bebbc7062086cca9890a923cd12293\"},\"headline\":\"Gyors meg\u00e1ll\u00f3k Budapesten 2025 | \u00c9des meg\u00e1ll\u00f3k \u00e9s desszertek\",\"datePublished\":\"2024-12-13T08:56:11+00:00\",\"dateModified\":\"2024-12-16T14:07:26+00:00\",\"mainEntityOfPage\":{\"@id\":\"https:\/\/amberlynhotel.com\/hu\/gyors-megallok-budapesten-megallok-desszertek\/\"},\"wordCount\":631,\"publisher\":{\"@id\":\"https:\/\/amberlynhotel.com\/hu\/#organization\"},\"image\":{\"@id\":\"https:\/\/amberlynhotel.com\/hu\/gyors-megallok-budapesten-megallok-desszertek\/#primaryimage\"},\"thumbnailUrl\":\"https:\/\/amberlynhotel.com\/wp-content\/uploads\/2023\/05\/snack-and-go.jpg\",\"articleSection\":[\"\u00c9telek\",\"Italok\"],\"inLanguage\":\"hu\"},{\"@type\":\"WebPage\",\"@id\":\"https:\/\/amberlynhotel.com\/hu\/gyors-megallok-budapesten-megallok-desszertek\/\",\"url\":\"https:\/\/amberlynhotel.com\/hu\/gyors-megallok-budapesten-megallok-desszertek\/\",\"name\":\"Gyors meg\u00e1ll\u00f3k Budapesten 2025 | \u00c9des meg\u00e1ll\u00f3k \u00e9s desszertek\",\"isPartOf\":{\"@id\":\"https:\/\/amberlynhotel.com\/hu\/#website\"},\"primaryImageOfPage\":{\"@id\":\"https:\/\/amberlynhotel.com\/hu\/gyors-megallok-budapesten-megallok-desszertek\/#primaryimage\"},\"image\":{\"@id\":\"https:\/\/amberlynhotel.com\/hu\/gyors-megallok-budapesten-megallok-desszertek\/#primaryimage\"},\"thumbnailUrl\":\"https:\/\/amberlynhotel.com\/wp-content\/uploads\/2023\/05\/snack-and-go.jpg\",\"datePublished\":\"2024-12-13T08:56:11+00:00\",\"dateModified\":\"2024-12-16T14:07:26+00:00\",\"description\":\"2025-es list\u00e1nkon bemutatjuk azokat a helyeket, ahol \u00e9rdemes meg\u00e1llnod egy gyors falatra.\",\"inLanguage\":\"hu\",\"potentialAction\":[{\"@type\":\"ReadAction\",\"target\":[\"https:\/\/amberlynhotel.com\/hu\/gyors-megallok-budapesten-megallok-desszertek\/\"]}]},{\"@type\":\"ImageObject\",\"inLanguage\":\"hu\",\"@id\":\"https:\/\/amberlynhotel.com\/hu\/gyors-megallok-budapesten-megallok-desszertek\/#primaryimage\",\"url\":\"https:\/\/amberlynhotel.com\/wp-content\/uploads\/2023\/05\/snack-and-go.jpg\",\"contentUrl\":\"https:\/\/amberlynhotel.com\/wp-content\/uploads\/2023\/05\/snack-and-go.jpg\",\"width\":1920,\"height\":1280},{\"@type\":\"WebSite\",\"@id\":\"https:\/\/amberlynhotel.com\/hu\/#website\",\"url\":\"https:\/\/amberlynhotel.com\/hu\/\",\"name\":\"The Amberlyn Suite Hotel Budapest\",\"description\":\"Hotel\",\"publisher\":{\"@id\":\"https:\/\/amberlynhotel.com\/hu\/#organization\"},\"potentialAction\":[{\"@type\":\"SearchAction\",\"target\":{\"@type\":\"EntryPoint\",\"urlTemplate\":\"https:\/\/amberlynhotel.com\/hu\/?s={search_term_string}\"},\"query-input\":{\"@type\":\"PropertyValueSpecification\",\"valueRequired\":true,\"valueName\":\"search_term_string\"}}],\"inLanguage\":\"hu\"},{\"@type\":\"Organization\",\"@id\":\"https:\/\/amberlynhotel.com\/hu\/#organization\",\"name\":\"The Amberlyn Suite Hotel Budapest\",\"url\":\"https:\/\/amberlynhotel.com\/hu\/\",\"logo\":{\"@type\":\"ImageObject\",\"inLanguage\":\"hu\",\"@id\":\"https:\/\/amberlynhotel.com\/hu\/#\/schema\/logo\/image\/\",\"url\":\"https:\/\/amberlynhotel.com\/wp-content\/uploads\/2023\/03\/amberlyn_vektor_ujlogo-3.png\",\"contentUrl\":\"https:\/\/amberlynhotel.com\/wp-content\/uploads\/2023\/03\/amberlyn_vektor_ujlogo-3.png\",\"width\":800,\"height\":232,\"caption\":\"The Amberlyn Suite Hotel Budapest\"},\"image\":{\"@id\":\"https:\/\/amberlynhotel.com\/hu\/#\/schema\/logo\/image\/\"}},{\"@type\":\"Person\",\"@id\":\"https:\/\/amberlynhotel.com\/hu\/#\/schema\/person\/45bebbc7062086cca9890a923cd12293\",\"name\":\"WSTeam\",\"image\":{\"@type\":\"ImageObject\",\"inLanguage\":\"hu\",\"@id\":\"https:\/\/amberlynhotel.com\/hu\/#\/schema\/person\/image\/\",\"url\":\"https:\/\/secure.gravatar.com\/avatar\/9c89773cafa3c47430f96e37d8f4b3ee3522b517e02398c250053813f49f1603?s=96&d=mm&r=g\",\"contentUrl\":\"https:\/\/secure.gravatar.com\/avatar\/9c89773cafa3c47430f96e37d8f4b3ee3522b517e02398c250053813f49f1603?s=96&d=mm&r=g\",\"caption\":\"WSTeam\"},\"url\":\"https:\/\/amberlynhotel.com\/hu\/author\/wsteam\/\"}]}<\/script>\n<!-- \/ Yoast SEO plugin. -->","yoast_head_json":{"title":"Gyors meg\u00e1ll\u00f3k Budapesten 2025 | \u00c9des meg\u00e1ll\u00f3k \u00e9s desszertek","description":"2025-es list\u00e1nkon bemutatjuk azokat a helyeket, ahol \u00e9rdemes meg\u00e1llnod egy gyors falatra.","robots":{"index":"index","follow":"follow","max-snippet":"max-snippet:-1","max-image-preview":"max-image-preview:large","max-video-preview":"max-video-preview:-1"},"canonical":"https:\/\/amberlynhotel.com\/hu\/gyors-megallok-budapesten-megallok-desszertek\/","og_locale":"hu_HU","og_type":"article","og_title":"Gyors meg\u00e1ll\u00f3k Budapesten 2025 | \u00c9des meg\u00e1ll\u00f3k \u00e9s desszertek","og_description":"2025-es list\u00e1nkon bemutatjuk azokat a helyeket, ahol \u00e9rdemes meg\u00e1llnod egy gyors falatra.","og_url":"https:\/\/amberlynhotel.com\/hu\/gyors-megallok-budapesten-megallok-desszertek\/","og_site_name":"The Amberlyn Suite Hotel Budapest","article_published_time":"2024-12-13T08:56:11+00:00","article_modified_time":"2024-12-16T14:07:26+00:00","og_image":[{"width":1920,"height":1280,"url":"https:\/\/amberlynhotel.com\/wp-content\/uploads\/2023\/05\/snack-and-go.jpg","type":"image\/jpeg"}],"author":"WSTeam","twitter_card":"summary_large_image","twitter_misc":{"Szerz\u0151:":"WSTeam","Becs\u00fclt olvas\u00e1si id\u0151":"2 perc"},"schema":{"@context":"https:\/\/schema.org","@graph":[{"@type":"Article","@id":"https:\/\/amberlynhotel.com\/hu\/gyors-megallok-budapesten-megallok-desszertek\/#article","isPartOf":{"@id":"https:\/\/amberlynhotel.com\/hu\/gyors-megallok-budapesten-megallok-desszertek\/"},"author":{"name":"WSTeam","@id":"https:\/\/amberlynhotel.com\/hu\/#\/schema\/person\/45bebbc7062086cca9890a923cd12293"},"headline":"Gyors meg\u00e1ll\u00f3k Budapesten 2025 | \u00c9des meg\u00e1ll\u00f3k \u00e9s desszertek","datePublished":"2024-12-13T08:56:11+00:00","dateModified":"2024-12-16T14:07:26+00:00","mainEntityOfPage":{"@id":"https:\/\/amberlynhotel.com\/hu\/gyors-megallok-budapesten-megallok-desszertek\/"},"wordCount":631,"publisher":{"@id":"https:\/\/amberlynhotel.com\/hu\/#organization"},"image":{"@id":"https:\/\/amberlynhotel.com\/hu\/gyors-megallok-budapesten-megallok-desszertek\/#primaryimage"},"thumbnailUrl":"https:\/\/amberlynhotel.com\/wp-content\/uploads\/2023\/05\/snack-and-go.jpg","articleSection":["\u00c9telek","Italok"],"inLanguage":"hu"},{"@type":"WebPage","@id":"https:\/\/amberlynhotel.com\/hu\/gyors-megallok-budapesten-megallok-desszertek\/","url":"https:\/\/amberlynhotel.com\/hu\/gyors-megallok-budapesten-megallok-desszertek\/","name":"Gyors meg\u00e1ll\u00f3k Budapesten 2025 | \u00c9des meg\u00e1ll\u00f3k \u00e9s desszertek","isPartOf":{"@id":"https:\/\/amberlynhotel.com\/hu\/#website"},"primaryImageOfPage":{"@id":"https:\/\/amberlynhotel.com\/hu\/gyors-megallok-budapesten-megallok-desszertek\/#primaryimage"},"image":{"@id":"https:\/\/amberlynhotel.com\/hu\/gyors-megallok-budapesten-megallok-desszertek\/#primaryimage"},"thumbnailUrl":"https:\/\/amberlynhotel.com\/wp-content\/uploads\/2023\/05\/snack-and-go.jpg","datePublished":"2024-12-13T08:56:11+00:00","dateModified":"2024-12-16T14:07:26+00:00","description":"2025-es list\u00e1nkon bemutatjuk azokat a helyeket, ahol \u00e9rdemes meg\u00e1llnod egy gyors falatra.","inLanguage":"hu","potentialAction":[{"@type":"ReadAction","target":["https:\/\/amberlynhotel.com\/hu\/gyors-megallok-budapesten-megallok-desszertek\/"]}]},{"@type":"ImageObject","inLanguage":"hu","@id":"https:\/\/amberlynhotel.com\/hu\/gyors-megallok-budapesten-megallok-desszertek\/#primaryimage","url":"https:\/\/amberlynhotel.com\/wp-content\/uploads\/2023\/05\/snack-and-go.jpg","contentUrl":"https:\/\/amberlynhotel.com\/wp-content\/uploads\/2023\/05\/snack-and-go.jpg","width":1920,"height":1280},{"@type":"WebSite","@id":"https:\/\/amberlynhotel.com\/hu\/#website","url":"https:\/\/amberlynhotel.com\/hu\/","name":"The Amberlyn Suite Hotel Budapest","description":"Hotel","publisher":{"@id":"https:\/\/amberlynhotel.com\/hu\/#organization"},"potentialAction":[{"@type":"SearchAction","target":{"@type":"EntryPoint","urlTemplate":"https:\/\/amberlynhotel.com\/hu\/?s={search_term_string}"},"query-input":{"@type":"PropertyValueSpecification","valueRequired":true,"valueName":"search_term_string"}}],"inLanguage":"hu"},{"@type":"Organization","@id":"https:\/\/amberlynhotel.com\/hu\/#organization","name":"The Amberlyn Suite Hotel Budapest","url":"https:\/\/amberlynhotel.com\/hu\/","logo":{"@type":"ImageObject","inLanguage":"hu","@id":"https:\/\/amberlynhotel.com\/hu\/#\/schema\/logo\/image\/","url":"https:\/\/amberlynhotel.com\/wp-content\/uploads\/2023\/03\/amberlyn_vektor_ujlogo-3.png","contentUrl":"https:\/\/amberlynhotel.com\/wp-content\/uploads\/2023\/03\/amberlyn_vektor_ujlogo-3.png","width":800,"height":232,"caption":"The Amberlyn Suite Hotel Budapest"},"image":{"@id":"https:\/\/amberlynhotel.com\/hu\/#\/schema\/logo\/image\/"}},{"@type":"Person","@id":"https:\/\/amberlynhotel.com\/hu\/#\/schema\/person\/45bebbc7062086cca9890a923cd12293","name":"WSTeam","image":{"@type":"ImageObject","inLanguage":"hu","@id":"https:\/\/amberlynhotel.com\/hu\/#\/schema\/person\/image\/","url":"https:\/\/secure.gravatar.com\/avatar\/9c89773cafa3c47430f96e37d8f4b3ee3522b517e02398c250053813f49f1603?s=96&d=mm&r=g","contentUrl":"https:\/\/secure.gravatar.com\/avatar\/9c89773cafa3c47430f96e37d8f4b3ee3522b517e02398c250053813f49f1603?s=96&d=mm&r=g","caption":"WSTeam"},"url":"https:\/\/amberlynhotel.com\/hu\/author\/wsteam\/"}]}},"_links":{"self":[{"href":"https:\/\/amberlynhotel.com\/hu\/wp-json\/wp\/v2\/posts\/903","targetHints":{"allow":["GET"]}}],"collection":[{"href":"https:\/\/amberlynhotel.com\/hu\/wp-json\/wp\/v2\/posts"}],"about":[{"href":"https:\/\/amberlynhotel.com\/hu\/wp-json\/wp\/v2\/types\/post"}],"author":[{"embeddable":true,"href":"https:\/\/amberlynhotel.com\/hu\/wp-json\/wp\/v2\/users\/4"}],"replies":[{"embeddable":true,"href":"https:\/\/amberlynhotel.com\/hu\/wp-json\/wp\/v2\/comments?post=903"}],"version-history":[{"count":1,"href":"https:\/\/amberlynhotel.com\/hu\/wp-json\/wp\/v2\/posts\/903\/revisions"}],"predecessor-version":[{"id":1032,"href":"https:\/\/amberlynhotel.com\/hu\/wp-json\/wp\/v2\/posts\/903\/revisions\/1032"}],"wp:featuredmedia":[{"embeddable":true,"href":"https:\/\/amberlynhotel.com\/hu\/wp-json\/wp\/v2\/media\/735"}],"wp:attachment":[{"href":"https:\/\/amberlynhotel.com\/hu\/wp-json\/wp\/v2\/media?parent=903"}],"wp:term":[{"taxonomy":"category","embeddable":true,"href":"https:\/\/amberlynhotel.com\/hu\/wp-json\/wp\/v2\/categories?post=903"},{"taxonomy":"post_tag","embeddable":true,"href":"https:\/\/amberlynhotel.com\/hu\/wp-json\/wp\/v2\/tags?post=903"}],"curies":[{"name":"wp","href":"https:\/\/api.w.org\/{rel}","templated":true}]}}