{"id":913,"date":"2024-12-04T13:51:28","date_gmt":"2024-12-04T13:51:28","guid":{"rendered":"https:\/\/amberlynhotel.com\/?p=913"},"modified":"2024-12-16T14:13:43","modified_gmt":"2024-12-16T14:13:43","slug":"budapest-legjobb-magyar-ettermei","status":"publish","type":"post","link":"https:\/\/amberlynhotel.com\/hu\/budapest-legjobb-magyar-ettermei\/","title":{"rendered":"Budapest legjobb magyar \u00e9ttermei"},"content":{"rendered":"<p><span style=\"font-weight: 400;\">Budapest az ellent\u00e9tek v\u00e1rosa, dinamikus, izgalmas \u00e9s gasztron\u00f3miailag v\u00e1ltozatos, amit a magyar konyha autentikuss\u00e1ga is bizony\u00edt.<\/span><\/p>\n<p><span style=\"font-weight: 400;\">Az eb\u00e9d ne csak formalit\u00e1s legyen, hanem sz\u00e1nj id\u0151t arra, hogy ki\u00e9lvezd az \u00e9telek \u00edz\u00e9t, f\u0171szerez\u00e9s\u00e9t, \u00e9s hagyd, hogy elvar\u00e1zsoljanak a k\u00fcl\u00f6nleges magyar receptek.<\/span><\/p>\n<p><span style=\"font-weight: 400;\">\u00cdme a legjobb magyaros \u00e9ttermek list\u00e1ja, amelyekn\u00e9l nem a dekor\u00e1ci\u00f3n van a hangs\u00faly, hanem azon, hogy mi ker\u00fcl az asztalra.<\/span><\/p>\n<p>&nbsp;<\/p>\n<h2><strong>Budapest legjobb magyar \u00e9ttermei 2025<\/strong><\/h2>\n<p>&nbsp;<\/p>\n<h3><b>Bors GasztroB\u00e1r<\/b><\/h3>\n<p><i><span style=\"font-weight: 400;\">1075 Budapest, Kazinczy u. 10.<\/span><\/i><\/p>\n<p><span style=\"font-weight: 400;\">A Bors a k\u00f6z\u00f6ss\u00e9gi oldalak \u00e9s szakmabeliek \u00e1ltal egyar\u00e1nt elismert street food bisztr\u00f3.<\/span><span style=\"font-weight: 400;\"><br \/>\n<\/span><span style=\"font-weight: 400;\">Az \u00e9telek min\u0151s\u00e9g\u00e9vel \u00e9s k\u00fcl\u00f6nlegess\u00e9g\u00e9vel k\u00f6nnyed\u00e9n elk\u00e1pr\u00e1ztatja a bet\u00e9r\u0151 vend\u00e9geket.<\/span><\/p>\n<p><span style=\"font-weight: 400;\">Azt tan\u00e1csoljuk, hogy abban az esetben, ha el\u0151sz\u00f6r j\u00e1rsz a Borsban, pr\u00f3b\u00e1ld ki a grillezett bagettet \u00e9s egy forr\u00f3 levest vagy p\u00f6rk\u00f6ltet.\u00a0<\/span><\/p>\n<p><span style=\"font-weight: 400;\">Ez egy igaz\u00e1n \u00e9l\u00e9nk \u00e9s p\u00f6rg\u0151s hely, fiatalos hangulattal \u00e9s nagyszer\u0171 energi\u00e1val. A bisztr\u00f3 t\u00f6rzsvend\u00e9gei helyiek. Ebb\u0151l is l\u00e1tszik, hogy \u0151k is a min\u0151s\u00e9gi street food rajong\u00f3i.<\/span><\/p>\n<p><span style=\"font-weight: 400;\">A bisztr\u00f3 a zsid\u00f3 negyedben tal\u00e1lhat\u00f3, m\u00e1s n\u00e9pszer\u0171 street food helyek mellett, mint p\u00e9ld\u00e1ul a Karav\u00e1n, vagy a legh\u00edresebb romkocsma; a Szimpla Kert.<\/span><\/p>\n<p>&nbsp;<\/p>\n<h3><b>Menza \u00e9tterem \u00e9s k\u00e1v\u00e9z\u00f3<\/b><\/h3>\n<p><i><span style=\"font-weight: 400;\">Liszt Ferenc t\u00e9r 2\u00a0<\/span><\/i><\/p>\n<p><span style=\"font-weight: 400;\">A k\u00e1v\u00e9t\u00f3l kezdve a fine diningig, a Menz\u00e1ban mindent megtal\u00e1lsz. Ak\u00e1rcsak egy menza, dekor\u00e1ci\u00f3ja a 60-as, 70-es \u00e9veket id\u00e9zi.<\/span><\/p>\n<p><span style=\"font-weight: 400;\">Aj\u00e1nljuk, hogy el\u0151re foglalj ide, ami m\u00e1r \u00f6nmag\u00e1ban el\u00e9g besz\u00e9des. Igaz\u00e1n forgalmas hely, ami nem is csoda. Az \u00e9telek nagyon finomak, a kiszolg\u00e1l\u00e1s remek, mindez egy igaz\u00e1n k\u00f6zponti helyen, hogy ut\u00e1na folytathasd a v\u00e1ros felfedez\u00e9s\u00e9t.<\/span><\/p>\n<p><span style=\"font-weight: 400;\">Ha k\u00e9ts\u00e9ged t\u00e1madna, hogy melyik \u00e9tel lehet a legfinomabb az \u00e9tlapr\u00f3l, ne agg\u00f3dj, hiszen semmivel nem tudsz mell\u00e9 v\u00e1lasztani. Egyik fog\u00e1sukban sem fogsz csal\u00f3dni.<\/span><\/p>\n<p>&nbsp;<\/p>\n<h3><b>Gozsdu Udvar<\/b><\/h3>\n<p><i><span style=\"font-weight: 400;\">Gozsdu udvar, 1075 Budapest<\/span><\/i><\/p>\n<p><span style=\"font-weight: 400;\">Fontos megjegyezn\u00fcnk m\u00e1r az elej\u00e9n, hogy a Gozsdu nem egy \u00e9tterem, hanem egy eg\u00e9sz kis ter\u00fclet.<\/span><\/p>\n<p><span style=\"font-weight: 400;\">Ez a h\u00e9t egym\u00e1shoz kapcsol\u00f3d\u00f3 \u00e9p\u00fcletb\u0151l \u00e1ll\u00f3 komplexum hat udvarral rendelkezik a zsid\u00f3negyed sz\u00edv\u00e9ben, sz\u00e1mos tipikus magyar \u00e9teleket k\u00edn\u00e1l\u00f3 \u00e9tteremmel, valamint n\u00e9h\u00e1ny nemzetk\u00f6zi lehet\u0151s\u00e9ggel, k\u00e1v\u00e9z\u00f3kkal, \u00fczletekkel \u00e9s b\u00e1rokkal.<\/span><\/p>\n<p><span style=\"font-weight: 400;\">A l\u00e1togat\u00f3k profilja nem korl\u00e1toz\u00f3dik a turist\u00e1kra, hiszen sok helyi lakos is r\u00e9szese a Gozsdu atmoszf\u00e9r\u00e1j\u00e1nak.\u00a0<\/span><\/p>\n<p><span style=\"font-weight: 400;\">N\u00e9h\u00e1ny l\u00e9tes\u00edtm\u00e9ny\u00fck egy kicsit exkluz\u00edvabbnak mondhat\u00f3. Remek helyeket tal\u00e1lhatsz itt, melyek t\u00f6k\u00e9letesek egy kis esti kikapcsol\u00f3d\u00e1sra, mik\u00f6zben megadj\u00e1k a kell\u0151 dinamikus hangulatot is.<\/span><\/p>\n<p>&nbsp;<\/p>\n<h3><b>R\u00e9zkakas Bisztr\u00f3 Easy Terasz<\/b><\/h3>\n<p><i><span style=\"font-weight: 400;\">Sas u 3, 1051<\/span><\/i><\/p>\n<p><span style=\"font-weight: 400;\">Ebben az utc\u00e1ban tal\u00e1lhat\u00f3ak a v\u00e1ros legjobb bisztr\u00f3i \u00e9s \u00e9ttermei. Legyen a nap utols\u00f3 el\u0151tti \u00e1llom\u00e1sa a Szent Istv\u00e1n Bazilika \u00e9s z\u00e1rd a napot az orsz\u00e1g legjobb \u00e9teleivel.<\/span><span style=\"font-weight: 400;\"><br \/>\n<\/span><span style=\"font-weight: 400;\"><br \/>\n<\/span><span style=\"font-weight: 400;\">Az els\u0151 szembet\u0171n\u0151 dolog a bisztr\u00f3ban a hangulatos bels\u0151 t\u00e9r, amelyet a fa, az elegancia melegs\u00e9ge \u00e9s a r\u00e9szletekre val\u00f3 figyelem ural. K\u00fcl\u00f6nleges b\u00e1jjal b\u00edr, amelyet csak p\u00e1r helyen tudnak el\u00e9rni.<\/span><span style=\"font-weight: 400;\"><br \/>\n<\/span><span style=\"font-weight: 400;\"><br \/>\n<\/span><span style=\"font-weight: 400;\">\u00c9lvezd a luxusvacsor\u00e1t bent vagy a teraszon, ahol a legfinomabb \u00edzeket p\u00e1ros\u00edthatod a vitrinekben tal\u00e1lhat\u00f3 kis magyar bor\u00e1szati m\u0171alkot\u00e1sokkal.<\/span><span style=\"font-weight: 400;\"><br \/>\n<\/span><span style=\"font-weight: 400;\"><br \/>\n<\/span><span style=\"font-weight: 400;\">Hagyd, hogy az klasszikus \u00e9l\u0151zene legyen az utaz\u00e1sod h\u00e1tt\u00e9rzen\u00e9je, mik\u00f6zben Daniel Bernat s\u00e9f \u00faj \u00e9s izgalmas perspekt\u00edv\u00e1b\u00f3l vezet be a magyar konyha leghagyom\u00e1nyosabb \u00edzeinek felfedez\u00e9s\u00e9be. A s\u00e9f szak\u00e9rtelme \u00e9s kreativit\u00e1sa \u00e1mulatba ejt\u0151.<\/span><\/p>\n<p>&nbsp;<\/p>\n<h3><b>Borkonyha Winekitchen<\/b><\/h3>\n<p><i><span style=\"font-weight: 400;\">Sas u 3, 1051<\/span><\/i><\/p>\n<p><span style=\"font-weight: 400;\">Folytatjuk \u00e1ttekint\u00e9s\u00fcnket egy olyan meg\u00e1ll\u00f3val, amely k\u00f6telez\u0151, ha a nagybet\u0171s min\u0151s\u00e9get keresed. A Borkonyha Winekitchenbe \u00e9rkezt\u00fcnk, amely egy Michelin-csillaggal rendelkezik, melyet 2018-ban szerzett.<\/span><\/p>\n<p><span style=\"font-weight: 400;\">Dekor\u00e1ci\u00f3ja a hagyom\u00e1nyt \u00e9s az egyszer\u0171s\u00e9get id\u00e9zi. Ak\u00e1r egy tradicion\u00e1lis magyar \u00e9tteremre is eml\u00e9keztethet, de ami az asztalra ker\u00fcl, az valami teljesen \u00fajszer\u0171 \u00e9s kreat\u00edv.<\/span><\/p>\n<p><span style=\"font-weight: 400;\">S\u00e1rk\u00f6zi \u00c1kos s\u00e9f a r\u00e9gi\u00f3 legjobb alapanyagait haszn\u00e1lja fel kre\u00e1ci\u00f3ihoz, amelyeket k\u00e9zzel k\u00e9sz\u00edtett m\u0171alkot\u00e1sk\u00e9nt is kezelhetn\u00e9nk, hiszen \u00e9ppoly \u00f6tletesek, mint amilyen finomak.\u00a0<\/span><\/p>\n<p><span style=\"font-weight: 400;\">Saj\u00e1t st\u00edlus\u00e1t &#8222;szabadon&#8221; hat\u00e1rozza meg, az erd\u00e9lyi konyha esszenci\u00e1j\u00e1t spanyol, francia vagy olasz mediterr\u00e1n \u00e1rnyalatokkal ragadja meg, \u00e9s az egyiket a m\u00e1sik inspir\u00e1ci\u00f3j\u00e1v\u00e1 teszi.<\/span><\/p>\n<p><span style=\"font-weight: 400;\">K\u00fcl\u00f6n meg kell eml\u00edteni a hihetetlen borv\u00e1laszt\u00e9kot, ahol t\u00f6bb mint 100 m\u00e1rk\u00e1t k\u00edn\u00e1lnak a nemzeti f\u00f6ldrajzot lefed\u0151 \u00e1rnyalatokkal \u00e9s intenzit\u00e1sokkal. Ugyanezen a szinten van a kiszolg\u00e1l\u00e1s is, ami ezt a helyet a budapesti utaz\u00e1s f\u00e9nypontj\u00e1v\u00e1 teszi.<\/span><\/p>\n<p>&nbsp;<\/p>\n<h3><b>Asz\u00fa \u00c9tterem<\/b><\/h3>\n<p><i><span style=\"font-weight: 400;\">Sas u 4, 1051<\/span><\/i><\/p>\n<p><span style=\"font-weight: 400;\">An\u00e9lk\u00fcl, hogy elhagyn\u00e1nk a k\u00f6rny\u00e9ket, vagy ak\u00e1r az utc\u00e1t, csak \u00e1tkel\u00fcnk a j\u00e1rd\u00e1n, \u00e9s m\u00e1ris meg\u00e9rkezt\u00fcnk \u00faj \u00fatic\u00e9lunkhoz; az Asz\u00fa \u00c9tteremhez.<\/span><\/p>\n<p><span style=\"font-weight: 400;\">A gondosan \u00e9s k\u00e9zm\u0171ves munk\u00e1val faragott, aranyozott, f\u00e1b\u00f3l k\u00e9sz\u00fclt bels\u0151 t\u00e9r a meghat\u00e1roz\u00f3 d\u00edsz\u00edt\u00e9s. Ez k\u00f6lcs\u00f6n\u00f6z az \u00e9tteremnek egy nyugodt \u00e9s hangulatos megjelen\u00e9st.<\/span><\/p>\n<p><span style=\"font-weight: 400;\">Az Asz\u00fa \u00c9tteremet m\u00e9ly tradici\u00f3 jellemzni, de ek\u00f6zben a kort\u00e1rs konyha is megmutatja mag\u00e1t. Bork\u00edn\u00e1latuk pedig sz\u00e9lesk\u00f6r\u0171 \u00e9s \u00edzl\u00e9ses.<\/span><\/p>\n<p><span style=\"font-weight: 400;\">A szem\u00e9lyzet figyelmes \u00e9s profi, emellett pedig az \u00e9l\u0151zene \u00e9s a remek hangulat teszi \u00e9lm\u00e9nny\u00e9 az itteni \u00e9tkez\u00e9st.<\/span><\/p>\n","protected":false},"excerpt":{"rendered":"<p>Budapest az ellent\u00e9tek v\u00e1rosa, dinamikus, izgalmas \u00e9s gasztron\u00f3miailag v\u00e1ltozatos, amit a magyar konyha autentikuss\u00e1ga is bizony\u00edt. Az eb\u00e9d ne csak formalit\u00e1s legyen, hanem sz\u00e1nj id\u0151t arra, hogy ki\u00e9lvezd az \u00e9telek \u00edz\u00e9t, f\u0171szerez\u00e9s\u00e9t, \u00e9s hagyd, hogy elvar\u00e1zsoljanak a k\u00fcl\u00f6nleges magyar receptek. \u00cdme a legjobb magyaros \u00e9ttermek list\u00e1ja, amelyekn\u00e9l nem a dekor\u00e1ci\u00f3n van a hangs\u00faly, hanem azon, [&hellip;]<\/p>\n","protected":false},"author":4,"featured_media":732,"comment_status":"closed","ping_status":"closed","sticky":false,"template":"","format":"standard","meta":{"pgc_sgb_lightbox_settings":"","footnotes":""},"categories":[31],"tags":[],"class_list":["post-913","post","type-post","status-publish","format-standard","has-post-thumbnail","hentry","category-etelek"],"acf":[],"yoast_head":"<!-- This site is optimized with the Yoast SEO plugin v26.1.1 - https:\/\/yoast.com\/wordpress\/plugins\/seo\/ -->\n<title>Budapest legjobb magyar \u00e9ttermei 2025 | Hagyom\u00e1nyos \u00e9telek<\/title>\n<meta name=\"description\" content=\"Ezen a friss\u00edtett 2024-es list\u00e1n a legjobb magyaros \u00e9ttermeket mutatjuk be, ahol a legfinomabb \u00e9s leghagyom\u00e1nyosabb \u00e9teleket pr\u00f3b\u00e1lhatod ki Budapesten.\" \/>\n<meta name=\"robots\" content=\"index, follow, max-snippet:-1, max-image-preview:large, max-video-preview:-1\" \/>\n<link rel=\"canonical\" href=\"https:\/\/amberlynhotel.com\/hu\/budapest-legjobb-magyar-ettermei\/\" \/>\n<meta property=\"og:locale\" content=\"hu_HU\" \/>\n<meta property=\"og:type\" content=\"article\" \/>\n<meta property=\"og:title\" content=\"Budapest legjobb magyar \u00e9ttermei 2025 | Hagyom\u00e1nyos \u00e9telek\" \/>\n<meta property=\"og:description\" content=\"Ezen a friss\u00edtett 2024-es list\u00e1n a legjobb magyaros \u00e9ttermeket mutatjuk be, ahol a legfinomabb \u00e9s leghagyom\u00e1nyosabb \u00e9teleket pr\u00f3b\u00e1lhatod ki Budapesten.\" \/>\n<meta property=\"og:url\" content=\"https:\/\/amberlynhotel.com\/hu\/budapest-legjobb-magyar-ettermei\/\" \/>\n<meta property=\"og:site_name\" content=\"The Amberlyn Suite Hotel Budapest\" \/>\n<meta property=\"article:published_time\" content=\"2024-12-04T13:51:28+00:00\" \/>\n<meta property=\"article:modified_time\" content=\"2024-12-16T14:13:43+00:00\" \/>\n<meta property=\"og:image\" content=\"https:\/\/amberlynhotel.com\/wp-content\/uploads\/2023\/05\/Hungarian-restaurants.jpg\" \/>\n\t<meta property=\"og:image:width\" content=\"960\" \/>\n\t<meta property=\"og:image:height\" content=\"640\" \/>\n\t<meta property=\"og:image:type\" content=\"image\/jpeg\" \/>\n<meta name=\"author\" content=\"WSTeam\" \/>\n<meta name=\"twitter:card\" content=\"summary_large_image\" \/>\n<meta name=\"twitter:label1\" content=\"Szerz\u0151:\" \/>\n\t<meta name=\"twitter:data1\" content=\"WSTeam\" \/>\n\t<meta name=\"twitter:label2\" content=\"Becs\u00fclt olvas\u00e1si id\u0151\" \/>\n\t<meta name=\"twitter:data2\" content=\"4 perc\" \/>\n<script type=\"application\/ld+json\" class=\"yoast-schema-graph\">{\"@context\":\"https:\/\/schema.org\",\"@graph\":[{\"@type\":\"Article\",\"@id\":\"https:\/\/amberlynhotel.com\/hu\/budapest-legjobb-magyar-ettermei\/#article\",\"isPartOf\":{\"@id\":\"https:\/\/amberlynhotel.com\/hu\/budapest-legjobb-magyar-ettermei\/\"},\"author\":{\"name\":\"WSTeam\",\"@id\":\"https:\/\/amberlynhotel.com\/hu\/#\/schema\/person\/45bebbc7062086cca9890a923cd12293\"},\"headline\":\"Budapest legjobb magyar \u00e9ttermei\",\"datePublished\":\"2024-12-04T13:51:28+00:00\",\"dateModified\":\"2024-12-16T14:13:43+00:00\",\"mainEntityOfPage\":{\"@id\":\"https:\/\/amberlynhotel.com\/hu\/budapest-legjobb-magyar-ettermei\/\"},\"wordCount\":985,\"publisher\":{\"@id\":\"https:\/\/amberlynhotel.com\/hu\/#organization\"},\"image\":{\"@id\":\"https:\/\/amberlynhotel.com\/hu\/budapest-legjobb-magyar-ettermei\/#primaryimage\"},\"thumbnailUrl\":\"https:\/\/amberlynhotel.com\/wp-content\/uploads\/2023\/05\/Hungarian-restaurants.jpg\",\"articleSection\":[\"\u00c9telek\"],\"inLanguage\":\"hu\"},{\"@type\":\"WebPage\",\"@id\":\"https:\/\/amberlynhotel.com\/hu\/budapest-legjobb-magyar-ettermei\/\",\"url\":\"https:\/\/amberlynhotel.com\/hu\/budapest-legjobb-magyar-ettermei\/\",\"name\":\"Budapest legjobb magyar \u00e9ttermei 2025 | Hagyom\u00e1nyos \u00e9telek\",\"isPartOf\":{\"@id\":\"https:\/\/amberlynhotel.com\/hu\/#website\"},\"primaryImageOfPage\":{\"@id\":\"https:\/\/amberlynhotel.com\/hu\/budapest-legjobb-magyar-ettermei\/#primaryimage\"},\"image\":{\"@id\":\"https:\/\/amberlynhotel.com\/hu\/budapest-legjobb-magyar-ettermei\/#primaryimage\"},\"thumbnailUrl\":\"https:\/\/amberlynhotel.com\/wp-content\/uploads\/2023\/05\/Hungarian-restaurants.jpg\",\"datePublished\":\"2024-12-04T13:51:28+00:00\",\"dateModified\":\"2024-12-16T14:13:43+00:00\",\"description\":\"Ezen a friss\u00edtett 2024-es list\u00e1n a legjobb magyaros \u00e9ttermeket mutatjuk be, ahol a legfinomabb \u00e9s leghagyom\u00e1nyosabb \u00e9teleket pr\u00f3b\u00e1lhatod ki Budapesten.\",\"inLanguage\":\"hu\",\"potentialAction\":[{\"@type\":\"ReadAction\",\"target\":[\"https:\/\/amberlynhotel.com\/hu\/budapest-legjobb-magyar-ettermei\/\"]}]},{\"@type\":\"ImageObject\",\"inLanguage\":\"hu\",\"@id\":\"https:\/\/amberlynhotel.com\/hu\/budapest-legjobb-magyar-ettermei\/#primaryimage\",\"url\":\"https:\/\/amberlynhotel.com\/wp-content\/uploads\/2023\/05\/Hungarian-restaurants.jpg\",\"contentUrl\":\"https:\/\/amberlynhotel.com\/wp-content\/uploads\/2023\/05\/Hungarian-restaurants.jpg\",\"width\":960,\"height\":640},{\"@type\":\"WebSite\",\"@id\":\"https:\/\/amberlynhotel.com\/hu\/#website\",\"url\":\"https:\/\/amberlynhotel.com\/hu\/\",\"name\":\"The Amberlyn Suite Hotel Budapest\",\"description\":\"Hotel\",\"publisher\":{\"@id\":\"https:\/\/amberlynhotel.com\/hu\/#organization\"},\"potentialAction\":[{\"@type\":\"SearchAction\",\"target\":{\"@type\":\"EntryPoint\",\"urlTemplate\":\"https:\/\/amberlynhotel.com\/hu\/?s={search_term_string}\"},\"query-input\":{\"@type\":\"PropertyValueSpecification\",\"valueRequired\":true,\"valueName\":\"search_term_string\"}}],\"inLanguage\":\"hu\"},{\"@type\":\"Organization\",\"@id\":\"https:\/\/amberlynhotel.com\/hu\/#organization\",\"name\":\"The Amberlyn Suite Hotel Budapest\",\"url\":\"https:\/\/amberlynhotel.com\/hu\/\",\"logo\":{\"@type\":\"ImageObject\",\"inLanguage\":\"hu\",\"@id\":\"https:\/\/amberlynhotel.com\/hu\/#\/schema\/logo\/image\/\",\"url\":\"https:\/\/amberlynhotel.com\/wp-content\/uploads\/2023\/03\/amberlyn_vektor_ujlogo-3.png\",\"contentUrl\":\"https:\/\/amberlynhotel.com\/wp-content\/uploads\/2023\/03\/amberlyn_vektor_ujlogo-3.png\",\"width\":800,\"height\":232,\"caption\":\"The Amberlyn Suite Hotel Budapest\"},\"image\":{\"@id\":\"https:\/\/amberlynhotel.com\/hu\/#\/schema\/logo\/image\/\"}},{\"@type\":\"Person\",\"@id\":\"https:\/\/amberlynhotel.com\/hu\/#\/schema\/person\/45bebbc7062086cca9890a923cd12293\",\"name\":\"WSTeam\",\"image\":{\"@type\":\"ImageObject\",\"inLanguage\":\"hu\",\"@id\":\"https:\/\/amberlynhotel.com\/hu\/#\/schema\/person\/image\/\",\"url\":\"https:\/\/secure.gravatar.com\/avatar\/9c89773cafa3c47430f96e37d8f4b3ee3522b517e02398c250053813f49f1603?s=96&d=mm&r=g\",\"contentUrl\":\"https:\/\/secure.gravatar.com\/avatar\/9c89773cafa3c47430f96e37d8f4b3ee3522b517e02398c250053813f49f1603?s=96&d=mm&r=g\",\"caption\":\"WSTeam\"},\"url\":\"https:\/\/amberlynhotel.com\/hu\/author\/wsteam\/\"}]}<\/script>\n<!-- \/ Yoast SEO plugin. -->","yoast_head_json":{"title":"Budapest legjobb magyar \u00e9ttermei 2025 | Hagyom\u00e1nyos \u00e9telek","description":"Ezen a friss\u00edtett 2024-es list\u00e1n a legjobb magyaros \u00e9ttermeket mutatjuk be, ahol a legfinomabb \u00e9s leghagyom\u00e1nyosabb \u00e9teleket pr\u00f3b\u00e1lhatod ki Budapesten.","robots":{"index":"index","follow":"follow","max-snippet":"max-snippet:-1","max-image-preview":"max-image-preview:large","max-video-preview":"max-video-preview:-1"},"canonical":"https:\/\/amberlynhotel.com\/hu\/budapest-legjobb-magyar-ettermei\/","og_locale":"hu_HU","og_type":"article","og_title":"Budapest legjobb magyar \u00e9ttermei 2025 | Hagyom\u00e1nyos \u00e9telek","og_description":"Ezen a friss\u00edtett 2024-es list\u00e1n a legjobb magyaros \u00e9ttermeket mutatjuk be, ahol a legfinomabb \u00e9s leghagyom\u00e1nyosabb \u00e9teleket pr\u00f3b\u00e1lhatod ki Budapesten.","og_url":"https:\/\/amberlynhotel.com\/hu\/budapest-legjobb-magyar-ettermei\/","og_site_name":"The Amberlyn Suite Hotel Budapest","article_published_time":"2024-12-04T13:51:28+00:00","article_modified_time":"2024-12-16T14:13:43+00:00","og_image":[{"width":960,"height":640,"url":"https:\/\/amberlynhotel.com\/wp-content\/uploads\/2023\/05\/Hungarian-restaurants.jpg","type":"image\/jpeg"}],"author":"WSTeam","twitter_card":"summary_large_image","twitter_misc":{"Szerz\u0151:":"WSTeam","Becs\u00fclt olvas\u00e1si id\u0151":"4 perc"},"schema":{"@context":"https:\/\/schema.org","@graph":[{"@type":"Article","@id":"https:\/\/amberlynhotel.com\/hu\/budapest-legjobb-magyar-ettermei\/#article","isPartOf":{"@id":"https:\/\/amberlynhotel.com\/hu\/budapest-legjobb-magyar-ettermei\/"},"author":{"name":"WSTeam","@id":"https:\/\/amberlynhotel.com\/hu\/#\/schema\/person\/45bebbc7062086cca9890a923cd12293"},"headline":"Budapest legjobb magyar \u00e9ttermei","datePublished":"2024-12-04T13:51:28+00:00","dateModified":"2024-12-16T14:13:43+00:00","mainEntityOfPage":{"@id":"https:\/\/amberlynhotel.com\/hu\/budapest-legjobb-magyar-ettermei\/"},"wordCount":985,"publisher":{"@id":"https:\/\/amberlynhotel.com\/hu\/#organization"},"image":{"@id":"https:\/\/amberlynhotel.com\/hu\/budapest-legjobb-magyar-ettermei\/#primaryimage"},"thumbnailUrl":"https:\/\/amberlynhotel.com\/wp-content\/uploads\/2023\/05\/Hungarian-restaurants.jpg","articleSection":["\u00c9telek"],"inLanguage":"hu"},{"@type":"WebPage","@id":"https:\/\/amberlynhotel.com\/hu\/budapest-legjobb-magyar-ettermei\/","url":"https:\/\/amberlynhotel.com\/hu\/budapest-legjobb-magyar-ettermei\/","name":"Budapest legjobb magyar \u00e9ttermei 2025 | Hagyom\u00e1nyos \u00e9telek","isPartOf":{"@id":"https:\/\/amberlynhotel.com\/hu\/#website"},"primaryImageOfPage":{"@id":"https:\/\/amberlynhotel.com\/hu\/budapest-legjobb-magyar-ettermei\/#primaryimage"},"image":{"@id":"https:\/\/amberlynhotel.com\/hu\/budapest-legjobb-magyar-ettermei\/#primaryimage"},"thumbnailUrl":"https:\/\/amberlynhotel.com\/wp-content\/uploads\/2023\/05\/Hungarian-restaurants.jpg","datePublished":"2024-12-04T13:51:28+00:00","dateModified":"2024-12-16T14:13:43+00:00","description":"Ezen a friss\u00edtett 2024-es list\u00e1n a legjobb magyaros \u00e9ttermeket mutatjuk be, ahol a legfinomabb \u00e9s leghagyom\u00e1nyosabb \u00e9teleket pr\u00f3b\u00e1lhatod ki Budapesten.","inLanguage":"hu","potentialAction":[{"@type":"ReadAction","target":["https:\/\/amberlynhotel.com\/hu\/budapest-legjobb-magyar-ettermei\/"]}]},{"@type":"ImageObject","inLanguage":"hu","@id":"https:\/\/amberlynhotel.com\/hu\/budapest-legjobb-magyar-ettermei\/#primaryimage","url":"https:\/\/amberlynhotel.com\/wp-content\/uploads\/2023\/05\/Hungarian-restaurants.jpg","contentUrl":"https:\/\/amberlynhotel.com\/wp-content\/uploads\/2023\/05\/Hungarian-restaurants.jpg","width":960,"height":640},{"@type":"WebSite","@id":"https:\/\/amberlynhotel.com\/hu\/#website","url":"https:\/\/amberlynhotel.com\/hu\/","name":"The Amberlyn Suite Hotel Budapest","description":"Hotel","publisher":{"@id":"https:\/\/amberlynhotel.com\/hu\/#organization"},"potentialAction":[{"@type":"SearchAction","target":{"@type":"EntryPoint","urlTemplate":"https:\/\/amberlynhotel.com\/hu\/?s={search_term_string}"},"query-input":{"@type":"PropertyValueSpecification","valueRequired":true,"valueName":"search_term_string"}}],"inLanguage":"hu"},{"@type":"Organization","@id":"https:\/\/amberlynhotel.com\/hu\/#organization","name":"The Amberlyn Suite Hotel Budapest","url":"https:\/\/amberlynhotel.com\/hu\/","logo":{"@type":"ImageObject","inLanguage":"hu","@id":"https:\/\/amberlynhotel.com\/hu\/#\/schema\/logo\/image\/","url":"https:\/\/amberlynhotel.com\/wp-content\/uploads\/2023\/03\/amberlyn_vektor_ujlogo-3.png","contentUrl":"https:\/\/amberlynhotel.com\/wp-content\/uploads\/2023\/03\/amberlyn_vektor_ujlogo-3.png","width":800,"height":232,"caption":"The Amberlyn Suite Hotel Budapest"},"image":{"@id":"https:\/\/amberlynhotel.com\/hu\/#\/schema\/logo\/image\/"}},{"@type":"Person","@id":"https:\/\/amberlynhotel.com\/hu\/#\/schema\/person\/45bebbc7062086cca9890a923cd12293","name":"WSTeam","image":{"@type":"ImageObject","inLanguage":"hu","@id":"https:\/\/amberlynhotel.com\/hu\/#\/schema\/person\/image\/","url":"https:\/\/secure.gravatar.com\/avatar\/9c89773cafa3c47430f96e37d8f4b3ee3522b517e02398c250053813f49f1603?s=96&d=mm&r=g","contentUrl":"https:\/\/secure.gravatar.com\/avatar\/9c89773cafa3c47430f96e37d8f4b3ee3522b517e02398c250053813f49f1603?s=96&d=mm&r=g","caption":"WSTeam"},"url":"https:\/\/amberlynhotel.com\/hu\/author\/wsteam\/"}]}},"_links":{"self":[{"href":"https:\/\/amberlynhotel.com\/hu\/wp-json\/wp\/v2\/posts\/913","targetHints":{"allow":["GET"]}}],"collection":[{"href":"https:\/\/amberlynhotel.com\/hu\/wp-json\/wp\/v2\/posts"}],"about":[{"href":"https:\/\/amberlynhotel.com\/hu\/wp-json\/wp\/v2\/types\/post"}],"author":[{"embeddable":true,"href":"https:\/\/amberlynhotel.com\/hu\/wp-json\/wp\/v2\/users\/4"}],"replies":[{"embeddable":true,"href":"https:\/\/amberlynhotel.com\/hu\/wp-json\/wp\/v2\/comments?post=913"}],"version-history":[{"count":2,"href":"https:\/\/amberlynhotel.com\/hu\/wp-json\/wp\/v2\/posts\/913\/revisions"}],"predecessor-version":[{"id":1036,"href":"https:\/\/amberlynhotel.com\/hu\/wp-json\/wp\/v2\/posts\/913\/revisions\/1036"}],"wp:featuredmedia":[{"embeddable":true,"href":"https:\/\/amberlynhotel.com\/hu\/wp-json\/wp\/v2\/media\/732"}],"wp:attachment":[{"href":"https:\/\/amberlynhotel.com\/hu\/wp-json\/wp\/v2\/media?parent=913"}],"wp:term":[{"taxonomy":"category","embeddable":true,"href":"https:\/\/amberlynhotel.com\/hu\/wp-json\/wp\/v2\/categories?post=913"},{"taxonomy":"post_tag","embeddable":true,"href":"https:\/\/amberlynhotel.com\/hu\/wp-json\/wp\/v2\/tags?post=913"}],"curies":[{"name":"wp","href":"https:\/\/api.w.org\/{rel}","templated":true}]}}