{"id":943,"date":"2024-11-17T08:02:37","date_gmt":"2024-11-17T08:02:37","guid":{"rendered":"https:\/\/amberlynhotel.com\/?p=943"},"modified":"2024-12-16T14:11:21","modified_gmt":"2024-12-16T14:11:21","slug":"mi-a-teendo-budapesten-juniusban","status":"publish","type":"post","link":"https:\/\/amberlynhotel.com\/hu\/mi-a-teendo-budapesten-juniusban\/","title":{"rendered":"Mi a teend\u0151 Budapesten j\u00faniusban 2025"},"content":{"rendered":"<p>Ha a t\u00f6k\u00e9letes budapesti kiruccan\u00e1st tervezed, akkor semmik\u00e9pp sem szabad megfeledkezned a j\u00faniusr\u00f3l, amikor is Budapest csak hemzseg a tartalmas programokt\u00f3l.<\/p>\n<p>T\u00f6bb naps\u00fct\u00e9ses \u00f3ra, magasabb fokok a h\u0151m\u00e9r\u0151n, \u00e9s Budapest utc\u00e1i tele emberekkel, akik k\u00e9szen \u00e1llnak arra, hogy felfedezz\u00e9k a magyar f\u0151v\u00e1ros minden titk\u00e1t, \u00e9s alig v\u00e1rj\u00e1k, hogy ki\u00e9lvezz\u00e9ka v\u00e1rost.<\/p>\n<p>Itt elhozzuk neked a legfontosabb esem\u00e9nyeket \u00e9s azokat a tippeket, amelyek szerint\u00fcnk elengedhetetlenek ahhoz, hogy a legt\u00f6bbet hozd ki a j\u00faniusi h\u00f3napb\u00f3l a budapesti kiruccan\u00e1sod sor\u00e1n.<\/p>\n<h2>J\u00faniusi id\u0151j\u00e1r\u00e1s Budapesten<\/h2>\n<p>A ny\u00e1r els\u0151 h\u00f3napja m\u00e9g hozza mag\u00e1val az el\u0151bbiek egy r\u00e9sz\u00e9t, ez\u00e9rt el\u0151fordulhat, hogy 25 fokos id\u0151ben s\u00e9t\u00e1lgatunk a H\u0151s\u00f6k ter\u00e9n, \u00e9s Budapest legjobb k\u00e9zm\u0171ves fagylaltjait keress\u00fck, mik\u00f6zben hirtelen fel\u00e9nk j\u00f6n egy s\u00f6t\u00e9t felh\u0151? Igen, \u00e9s r\u00e1ad\u00e1sul val\u00f3sz\u00edn\u0171leg esni is fog.<\/p>\n<p>A h\u0151m\u00e9rs\u00e9klet nagyon kellemes, id\u0151nk\u00e9nt ny\u00e1rias, \u00e9s nem meglep\u0151, hogy felh\u0151s napok, s\u0151t, id\u0151nk\u00e9nt z\u00e1porok is el\u0151fordulnak. J\u00faniusban teh\u00e1t mindenre fel kell k\u00e9sz\u00fclni, b\u00e1r a 25-30 fokos nappali h\u0151m\u00e9rs\u00e9klet a leggyakoribb.<\/p>\n<h2>Mi a teend\u0151 Budapesten j\u00faniusban<\/h2>\n<p>Ismered az id\u0151j\u00e1r\u00e1st, bepakoltad a b\u0151r\u00f6nd\u00f6det, \u00e9s k\u00e9szen \u00e1llsz arra, hogy nekiv\u00e1gj a v\u00e1rosnak, hogy \u00e9lvezd a j\u00faniust, \u00e9s mi nem hagyunk cserben.<\/p>\n<h3>Fesztiv\u00e1lok<\/h3>\n<p>A j\u00f3 id\u0151 bek\u00f6sz\u00f6nt\u00e9vel kontinensszerte megjelennek a fesztiv\u00e1lok, amelyek a legjobb zen\u00e9t \u00e9s a legjobb hangulatot hozz\u00e1k el nek\u00fcnk, hogy \u00e9lvezz\u00fck a ny\u00e1ri \u00e9jszak\u00e1kat.<\/p>\n<h4>Horg\u00e1szat Orf\u0171n<\/h4>\n<p>26-29\/6\/2024<\/p>\n<p>J\u00faniusi fesztiv\u00e1ljainkat egy budapesti klasszikussal kezdj\u00fck; Fishing on Orf\u0171. A r\u00e9sztvev\u0151k profilja f\u0151k\u00e9nt a pop \u00e9s a rock, a fesztiv\u00e1l pedig csal\u00e1dbar\u00e1t esem\u00e9nyk\u00e9nt ismert, hiszen sz\u00e9les programk\u00edn\u00e1lat\u00e1val a csal\u00e1d minden tagj\u00e1nak sz\u00f3l\u00f3 programokat k\u00edn\u00e1l.<\/p>\n<p>A fesztiv\u00e1l n\u00e9gy napja alatt k\u00fcl\u00f6nb\u00f6z\u0151 \u00fatvonalakat j\u00e1rhatsz be, \u00e9s olyan zen\u00e9szek koncertjein vehetsz r\u00e9szt, mint a Carson Coma, Kr\u00fabi vagy az Elef\u00e1nt. Gyere el az orf\u0171i Panor\u00e1ma kempingbe, \u00e9s \u00e9lvezed a fesztiv\u00e1lt a csal\u00e1doddal vagy a bar\u00e1taiddal.<\/p>\n<h4>Waldorfeszt<\/h4>\n<p>27-30\/06\/2024<\/p>\n<p>Ir\u00e1ny T\u00f6r\u00f6kmez\u0151 k\u00f6rny\u00e9ke, Budapestt\u0151l egy \u00f3r\u00e1nyi aut\u00f3\u00fatra \u00e9szakra, ahol egy erd\u0151 ad otthont egy fesztiv\u00e1lnak, amelynek c\u00e9lja, hogy kapcsol\u00f3dj \u00f6nmagaddal \u00e9s olyan emberekkel, akiknek ugyanolyan elk\u00e9pzel\u00e9s\u00fck van a vil\u00e1gr\u00f3l, mint neked; vigy\u00e1zz a k\u00f6rnyezetedre, hangol\u00f3dj a term\u00e9szetre \u00e9s kapcsol\u00f3dj ki a vil\u00e1g t\u00f6bbi r\u00e9sz\u00e9b\u0151l.<\/p>\n<p>Mindezt zen\u00e9vel, k\u00e9zm\u0171ves m\u0171helyekkel, j\u00f3ga- \u00e9s medit\u00e1ci\u00f3s \u00f3r\u00e1kkal \u00e9s egy nagyszer\u0171 programokkal f\u0171szerezve, melyek a test \u00e9s az elme ellazul\u00e1s\u00e1t szolg\u00e1l\u00f3 tev\u00e9kenys\u00e9gk\u00e9nt szolg\u00e1lnak.<\/p>\n<h4>\u00dcnnepi K\u00f6nyvh\u00e9t<\/h4>\n<p>13-16\/06\/2024<\/p>\n<p>F\u00e9lretessz\u00fck a bulit \u00e9s a zen\u00e9t \u00e9s hagyjuk, hogy az elm\u00e9nk gazdagodjon. Lehet, hogy rekl\u00e1mnak hangzik, de igaz, mert a k\u00f6vetkez\u0151 \u00e1llom\u00e1sok mind kultur\u00e1lis esem\u00e9nyek, ahol a k\u00edv\u00e1ncsis\u00e1gunk lesz a vez\u00e9rfonal.<\/p>\n<p>A 95. \u00dcnnepi K\u00f6nyvh\u00e9t a j\u00f3l ismert V\u00f6r\u00f6smarty t\u00e9ren, valamint a Vigad\u00f3 t\u00e9ren \u00e9s a Duna-korz\u00f3ban ker\u00fcl megrendez\u00e9sre. Ne t\u00e9vessz\u00fck \u00f6ssze ezt a v\u00e1s\u00e1rt a szeptemberben megrendezett Budapesti Nemzetk\u00f6zi K\u00f6nyvfesztiv\u00e1llal, ahol a vil\u00e1g minden t\u00e1j\u00e1r\u00f3l \u00e9rkeznek szerz\u0151k \u00e9s t\u00f6bb a l\u00e1togat\u00f3.<\/p>\n<p>\u00c9s ha az ott l\u00e1tottak nem lenn\u00e9nek el\u00e9gs\u00e9gesek, aj\u00e1nljuk, hogy a V\u00f6r\u00f6smarty t\u00e9rr\u0151l s\u00e9t\u00e1lj el a Bestsellersbe, az Okt\u00f3ber 6. u. 11. sz\u00e1m alatti kis f\u00fcggetlen k\u00f6nyvesboltba, ahol t\u00f6bb nyelven is tal\u00e1lsz vil\u00e1girodalmat.<\/p>\n<h4>A M\u00fazeumok \u00c9jszak\u00e1ja<\/h4>\n<p>23\/06\/2024<\/p>\n<p>J\u00fanius 22-\u00e9n, szombaton ker\u00fcl megszervez\u00e9sre a M\u00fazeumok \u00c9jszak\u00e1ja, amely m\u00e1r t\u00f6bb mint h\u00fasz alkalommal volt megrendezve. Ezen a d\u00e9lut\u00e1non \u00e9s est\u00e9n a m\u00fazeumok a szok\u00e1sos ki\u00e1ll\u00edt\u00e1sok mellett az eg\u00e9sz csal\u00e1dnak sz\u00f3l\u00f3 programokkal, valamint csak erre az est\u00e9re sz\u00f3l\u00f3 ki\u00e1ll\u00edt\u00e1sokkal, koncertekkel \u00e9s sok m\u00e1ssal k\u00e9sz\u00fclnek.<\/p>\n<h4>Rosalia Borpiknik, Ros\u00e9 Borok Fesztiv\u00e1lja<\/h4>\n<p>31\/05-02\/06\/2024<\/p>\n<p>Budapestt\u0151l \u00e9szakra indulunk, de nem hagyjuk magunk m\u00f6g\u00f6tt a belv\u00e1rost. A gy\u00f6ny\u00f6r\u0171 V\u00e1rosligetben nem csak Budapest, s\u0151t a vil\u00e1g egyik legjobb \u00e9s legszebb f\u00fcrd\u0151je, a Sz\u00e9chenyi F\u00fcrd\u0151 tal\u00e1lhat\u00f3, hanem a fens\u00e9ges Vajdahunyad v\u00e1r\u00e1t \u00e9s a p\u00e1r l\u00e9p\u00e9sre l\u00e9v\u0151 H\u0151s\u00f6k ter\u00e9t is megcsod\u00e1lhatjuk, ahol az orsz\u00e1g legjobb m\u00fazeumait is felfedezhetj\u00fck.<\/p>\n<p>Mindezekhez most egy \u00faj, kihagyhatatlan meg\u00e1ll\u00f3t kell be\u00edrnod az \u00fatik\u00f6nyvedbe; a Rosalia Borpikniket, k\u00f6zvetlen\u00fcl a Vajdahunyad v\u00e1ra m\u00f6g\u00f6tt. A bel\u00e9p\u00e9s ingyenes, \u00e9s csak egy poharat kell v\u00e1s\u00e1rolnod, ha meg akarod k\u00f3stolni a t\u00f6bb mint 50 besz\u00e1ll\u00edt\u00f3 \u00f6sszes bor\u00e1t.<\/p>\n<p>H\u00e1rom napon \u00e1t igazi borszak\u00e9rt\u0151v\u00e9 v\u00e1lhatsz, k\u00fcl\u00f6nf\u00e9le friss ros\u00e9kkal k\u00f6r\u00fclv\u00e9ve. A rendezv\u00e9ny programja emellett egy\u00e9b tev\u00e9kenys\u00e9geket is k\u00edn\u00e1l, p\u00e9ld\u00e1ul jellegzetes \u00e9teleket, workshopokat \u00e9s gyermekeknek val\u00f3 foglalkoz\u00e1sokat is. Term\u00e9szet, sz\u00f3rakoz\u00e1s mindenkinek \u00e9s bor, mi m\u00e1st kiv\u00e1nhatn\u00e1nk m\u00e9g?<\/p>\n<h3>Duna Karnev\u00e1l<\/h3>\n<p>7-14\/07\/2024<\/p>\n<p>Ez a nemzetk\u00f6zi \u00e9s multikultur\u00e1lis fesztiv\u00e1l mind nemzeti el\u0151ad\u00e1sokat &#8211; a t\u00falnyom\u00f3 t\u00f6bbs\u00e9g\u00e9t -, mind internacion\u00e1lis el\u0151ad\u00e1sokat k\u00edn\u00e1l. Ezek a produkci\u00f3k a magyar n\u00e9pt\u00e1ncokat, szok\u00e1sokat \u00e9s n\u00e9pviseletet rep\u00edtik a jelenbe, bemutatva ezeknek a gy\u00f6kereit.<\/p>\n<p>T\u00f6bb mint 25 \u00e9ves m\u00faltja bizony\u00edtja, hogy ez az esem\u00e9ny tov\u00e1bbra is \u00e9rdekli a helyieket \u00e9s a l\u00e1togat\u00f3kat egyar\u00e1nt. A Duna Karnev\u00e1l a v\u00e1ros k\u00fcl\u00f6nb\u00f6z\u0151 helysz\u00ednein zajlik, melyek az egyik legfontosabb a Margitszigeti Szabadt\u00e9ri Sz\u00ednpad. Sz\u00edvd magadba a helyi kult\u00far\u00e1t a legsz\u00f3rakoztat\u00f3bb m\u00f3don; \u00e9nekelve \u00e9s t\u00e1ncolva.<\/p>\n<h3>Budapest SUP: Evez\u00e9s a Dun\u00e1n<\/h3>\n<p>29\/06\/2024<\/p>\n<p>Itt az ideje egy kis testmozg\u00e1snak, hiszen nem sz\u00f3lhat minden a t\u00e1ncr\u00f3l, ev\u00e9sr\u0151l \u00e9s iv\u00e1sr\u00f3l. Ha teh\u00e1t szereted a v\u00edzi sportokat, vedd fel a f\u00fcrd\u0151ruh\u00e1dat, \u00e9s ir\u00e1ny a Duna.<\/p>\n<p>Id\u00e9n is megrendezik ott a Budapest SUP-ot, egy olyan esem\u00e9nyt, ahol t\u00f6bb sz\u00e1zan eveznek a Dun\u00e1n mintegy 15 kilom\u00e9teren \u00e1t, hogy felfedezz\u00e9k annak \u00f6sszes h\u00eddj\u00e1t, \u00e9s l\u00e9legzetel\u00e1ll\u00edt\u00f3 kil\u00e1t\u00e1s ny\u00edlik Budapest legl\u00e9nyegesebb m\u0171eml\u00e9keire.<\/p>\n<p>A legt\u00f6bben a SUP-jaikon eveznek, b\u00e1r sokf\u00e9lek\u00e9ppen \u00e1t lehet kelni a foly\u00f3n. Mehetsz saj\u00e1t felszerel\u00e9ssel, vagy b\u00e9relhetsz a SUP-szervezett\u0151l. A Duna Caf\u00e9 Grill \u00e9s Drink B\u00e1r a tal\u00e1lkoz\u00e1si pont, \u00e9s olyan l\u00e1tnival\u00f3kat l\u00e1thatsz t\u00f6bbek k\u00f6z\u00f6tt, mint a Gell\u00e9rt-hegy, a Budai V\u00e1r, a Parlament vagy a Nemzeti Sz\u00ednh\u00e1z.<\/p>\n<h3>S\u00e9tahaj\u00f3z\u00e1s a Dun\u00e1n<\/h3>\n<p>Ha m\u00e1r a foly\u00f3r\u00f3l besz\u00e9l\u00fcnk, eg\u00e9sz \u00e9vben kipr\u00f3b\u00e1lhatod a dunai haj\u00f3kir\u00e1ndul\u00e1sokat, de \u00fagy t\u0171nik, hogy a j\u00f3 id\u0151vel a s\u00e9tahaj\u00f3z\u00e1sok sz\u00e1ma is n\u0151. A nappali lehet\u0151s\u00e9gek ugyanolyan j\u00f3k, mint az \u00e9jszakaiak, ahol a f\u00e9nyek mintha m\u00e9g jobban kiemeln\u00e9k egyes \u00e9p\u00fcletek sz\u00e9ps\u00e9g\u00e9t.<\/p>\n<h3>Balaton<\/h3>\n<p>A j\u00f3 id\u0151 bek\u00f6sz\u00f6nt\u00e9vel a Balaton is \u00e9letre kel, \u00e9s megkezd\u0151dnek az \u00e9v leghangulatosabb \u00e9s legpezsg\u0151bb hetei. Igaz, hogy Budapestt\u0151l p\u00e1r \u00f3ra aut\u00f3\u00fatra van, de meg\u00e9ri a r\u00f6vid kir\u00e1ndul\u00e1st.<\/p>\n<p>Az \u00f6sszes b\u00e1r \u00e9s \u00e9tterem m\u00e1r nyitva van ilyenkor, \u00e9s remek a v\u00e1ros hangulata, sz\u00f3rakozni v\u00e1gy\u00f3 emberekkel, akik \u00e9lvezik a meleget \u00e9s a h\u0171s\u00edt\u0151 vizet.<\/p>\n<p>T\u00e9rj be a 8360 Keszthely, Katona J\u00f3zsef u. 1. sz\u00e1m alatt tal\u00e1lhat\u00f3 Kanyar B\u00e1rkonyh\u00e1ba, ahol a Festetics-kast\u00e9ly k\u00f6zel\u00e9ben sokf\u00e9le finom \u00e9s j\u00f3l elk\u00e9sz\u00edtett \u00e9telt tal\u00e1lsz, vagy a 8226 Als\u00f3\u00f6rs, Endr\u0151di S\u00e1ndor utca 24\/A sz\u00e1m alatt tal\u00e1lhat\u00f3 Bitang Burger &amp; Coffee Shopba, ahol punkzene, j\u00f3 hamburgerek \u00e9s szendvicsek v\u00e1rnak. Szerencs\u00e9re t\u00f6bb tucatnyi kulin\u00e1ris lehet\u0151s\u00e9g van ezen a ter\u00fcleten.<\/p>\n<p>Ezut\u00e1n t\u00f6ltsd a d\u00e9lut\u00e1nt ezen strandok egyik\u00e9n; a Vonyarcvashegyi Lido Beach-en, a Szigligeti strandon vagy Keszthelyi strandon, hogy egy verhetetlen napot z\u00e1rj.<\/p>\n<p>&nbsp;<\/p>\n<h3>Term\u00e1lf\u00fcrd\u0151k \u00e9s gy\u00f3gyf\u00fcrd\u0151k Budapesten<\/h3>\n<p>B\u00e1r eg\u00e9sz \u00e9vben l\u00e1togathat\u00f3ak, \u00fagy t\u0171nik, a ny\u00e1r bek\u00f6sz\u00f6nt\u00e9vel m\u00e9g ink\u00e1bb arra invit\u00e1lnak minket, hogy elmer\u00fclj\u00fcnk a legjobb budapesti gy\u00f3gyf\u00fcrd\u0151k meleg, olykor jeges viz\u00e9ben.<\/p>\n<p>L\u00e1togass el a neked legjobban tetsz\u0151 f\u00fcrd\u0151be, vagy keresd fel mindet &#8211; Eur\u00f3pa legnagyobbjait\u00f3l kezdve a rejtett gy\u00f6ngyszemekig, azokig a f\u00fcrd\u0151kig, ahov\u00e1 a budapestiek j\u00e1rnak. Fontos, hogy ne hagyd el a v\u00e1rost an\u00e9lk\u00fcl, hogy kipr\u00f3b\u00e1lt\u00e1l volna egy term\u00e1lf\u00fcrd\u0151t, hiszen Budapest t\u00f6bbek k\u00f6zt a gy\u00f3gy\u00edt\u00f3 vizeir\u0151l is h\u00edres.<\/p>\n","protected":false},"excerpt":{"rendered":"<p>Ha a t\u00f6k\u00e9letes budapesti kiruccan\u00e1st tervezed, akkor semmik\u00e9pp sem szabad megfeledkezned a j\u00faniusr\u00f3l, amikor is Budapest csak hemzseg a tartalmas programokt\u00f3l. T\u00f6bb naps\u00fct\u00e9ses \u00f3ra, magasabb fokok a h\u0151m\u00e9r\u0151n, \u00e9s Budapest utc\u00e1i tele emberekkel, akik k\u00e9szen \u00e1llnak arra, hogy felfedezz\u00e9k a magyar f\u0151v\u00e1ros minden titk\u00e1t, \u00e9s alig v\u00e1rj\u00e1k, hogy ki\u00e9lvezz\u00e9ka v\u00e1rost. Itt elhozzuk neked a legfontosabb [&hellip;]<\/p>\n","protected":false},"author":4,"featured_media":761,"comment_status":"closed","ping_status":"closed","sticky":false,"template":"","format":"standard","meta":{"pgc_sgb_lightbox_settings":"","footnotes":""},"categories":[31,29],"tags":[],"class_list":["post-943","post","type-post","status-publish","format-standard","has-post-thumbnail","hentry","category-etelek","category-szabadido"],"acf":[],"yoast_head":"<!-- This site is optimized with the Yoast SEO plugin v26.1.1 - https:\/\/yoast.com\/wordpress\/plugins\/seo\/ -->\n<title>Mi a teend\u0151 Budapesten j\u00faniusban 2025<\/title>\n<meta name=\"description\" content=\"J\u00faniusban Budapestre l\u00e1togat? Nagyszer\u0171; Zene, sport, buli, egy teljes szabadid\u0151s lista tele tennival\u00f3kkal \u00e9s l\u00e1tnival\u00f3kkal a magyar f\u0151v\u00e1rosban tett kir\u00e1ndul\u00e1sod sor\u00e1n.\" \/>\n<meta name=\"robots\" content=\"index, follow, max-snippet:-1, max-image-preview:large, max-video-preview:-1\" \/>\n<link rel=\"canonical\" href=\"https:\/\/amberlynhotel.com\/hu\/mi-a-teendo-budapesten-juniusban\/\" \/>\n<meta property=\"og:locale\" content=\"hu_HU\" \/>\n<meta property=\"og:type\" content=\"article\" \/>\n<meta property=\"og:title\" content=\"Mi a teend\u0151 Budapesten j\u00faniusban 2025\" \/>\n<meta property=\"og:description\" content=\"J\u00faniusban Budapestre l\u00e1togat? Nagyszer\u0171; Zene, sport, buli, egy teljes szabadid\u0151s lista tele tennival\u00f3kkal \u00e9s l\u00e1tnival\u00f3kkal a magyar f\u0151v\u00e1rosban tett kir\u00e1ndul\u00e1sod sor\u00e1n.\" \/>\n<meta property=\"og:url\" content=\"https:\/\/amberlynhotel.com\/hu\/mi-a-teendo-budapesten-juniusban\/\" \/>\n<meta property=\"og:site_name\" content=\"The Amberlyn Suite Hotel Budapest\" \/>\n<meta property=\"article:published_time\" content=\"2024-11-17T08:02:37+00:00\" \/>\n<meta property=\"article:modified_time\" content=\"2024-12-16T14:11:21+00:00\" \/>\n<meta property=\"og:image\" content=\"https:\/\/amberlynhotel.com\/wp-content\/uploads\/2023\/09\/danube.png\" \/>\n\t<meta property=\"og:image:width\" content=\"750\" \/>\n\t<meta property=\"og:image:height\" content=\"500\" \/>\n\t<meta property=\"og:image:type\" content=\"image\/png\" \/>\n<meta name=\"author\" content=\"WSTeam\" \/>\n<meta name=\"twitter:card\" content=\"summary_large_image\" \/>\n<meta name=\"twitter:label1\" content=\"Szerz\u0151:\" \/>\n\t<meta name=\"twitter:data1\" content=\"WSTeam\" \/>\n\t<meta name=\"twitter:label2\" content=\"Becs\u00fclt olvas\u00e1si id\u0151\" \/>\n\t<meta name=\"twitter:data2\" content=\"5 perc\" \/>\n<script type=\"application\/ld+json\" class=\"yoast-schema-graph\">{\"@context\":\"https:\/\/schema.org\",\"@graph\":[{\"@type\":\"Article\",\"@id\":\"https:\/\/amberlynhotel.com\/hu\/mi-a-teendo-budapesten-juniusban\/#article\",\"isPartOf\":{\"@id\":\"https:\/\/amberlynhotel.com\/hu\/mi-a-teendo-budapesten-juniusban\/\"},\"author\":{\"name\":\"WSTeam\",\"@id\":\"https:\/\/amberlynhotel.com\/hu\/#\/schema\/person\/45bebbc7062086cca9890a923cd12293\"},\"headline\":\"Mi a teend\u0151 Budapesten j\u00faniusban 2025\",\"datePublished\":\"2024-11-17T08:02:37+00:00\",\"dateModified\":\"2024-12-16T14:11:21+00:00\",\"mainEntityOfPage\":{\"@id\":\"https:\/\/amberlynhotel.com\/hu\/mi-a-teendo-budapesten-juniusban\/\"},\"wordCount\":1656,\"publisher\":{\"@id\":\"https:\/\/amberlynhotel.com\/hu\/#organization\"},\"image\":{\"@id\":\"https:\/\/amberlynhotel.com\/hu\/mi-a-teendo-budapesten-juniusban\/#primaryimage\"},\"thumbnailUrl\":\"https:\/\/amberlynhotel.com\/wp-content\/uploads\/2023\/09\/danube.png\",\"articleSection\":[\"\u00c9telek\",\"Szabadid\u0151\"],\"inLanguage\":\"hu\"},{\"@type\":\"WebPage\",\"@id\":\"https:\/\/amberlynhotel.com\/hu\/mi-a-teendo-budapesten-juniusban\/\",\"url\":\"https:\/\/amberlynhotel.com\/hu\/mi-a-teendo-budapesten-juniusban\/\",\"name\":\"Mi a teend\u0151 Budapesten j\u00faniusban 2025\",\"isPartOf\":{\"@id\":\"https:\/\/amberlynhotel.com\/hu\/#website\"},\"primaryImageOfPage\":{\"@id\":\"https:\/\/amberlynhotel.com\/hu\/mi-a-teendo-budapesten-juniusban\/#primaryimage\"},\"image\":{\"@id\":\"https:\/\/amberlynhotel.com\/hu\/mi-a-teendo-budapesten-juniusban\/#primaryimage\"},\"thumbnailUrl\":\"https:\/\/amberlynhotel.com\/wp-content\/uploads\/2023\/09\/danube.png\",\"datePublished\":\"2024-11-17T08:02:37+00:00\",\"dateModified\":\"2024-12-16T14:11:21+00:00\",\"description\":\"J\u00faniusban Budapestre l\u00e1togat? Nagyszer\u0171; Zene, sport, buli, egy teljes szabadid\u0151s lista tele tennival\u00f3kkal \u00e9s l\u00e1tnival\u00f3kkal a magyar f\u0151v\u00e1rosban tett kir\u00e1ndul\u00e1sod sor\u00e1n.\",\"inLanguage\":\"hu\",\"potentialAction\":[{\"@type\":\"ReadAction\",\"target\":[\"https:\/\/amberlynhotel.com\/hu\/mi-a-teendo-budapesten-juniusban\/\"]}]},{\"@type\":\"ImageObject\",\"inLanguage\":\"hu\",\"@id\":\"https:\/\/amberlynhotel.com\/hu\/mi-a-teendo-budapesten-juniusban\/#primaryimage\",\"url\":\"https:\/\/amberlynhotel.com\/wp-content\/uploads\/2023\/09\/danube.png\",\"contentUrl\":\"https:\/\/amberlynhotel.com\/wp-content\/uploads\/2023\/09\/danube.png\",\"width\":750,\"height\":500},{\"@type\":\"WebSite\",\"@id\":\"https:\/\/amberlynhotel.com\/hu\/#website\",\"url\":\"https:\/\/amberlynhotel.com\/hu\/\",\"name\":\"The Amberlyn Suite Hotel Budapest\",\"description\":\"Hotel\",\"publisher\":{\"@id\":\"https:\/\/amberlynhotel.com\/hu\/#organization\"},\"potentialAction\":[{\"@type\":\"SearchAction\",\"target\":{\"@type\":\"EntryPoint\",\"urlTemplate\":\"https:\/\/amberlynhotel.com\/hu\/?s={search_term_string}\"},\"query-input\":{\"@type\":\"PropertyValueSpecification\",\"valueRequired\":true,\"valueName\":\"search_term_string\"}}],\"inLanguage\":\"hu\"},{\"@type\":\"Organization\",\"@id\":\"https:\/\/amberlynhotel.com\/hu\/#organization\",\"name\":\"The Amberlyn Suite Hotel Budapest\",\"url\":\"https:\/\/amberlynhotel.com\/hu\/\",\"logo\":{\"@type\":\"ImageObject\",\"inLanguage\":\"hu\",\"@id\":\"https:\/\/amberlynhotel.com\/hu\/#\/schema\/logo\/image\/\",\"url\":\"https:\/\/amberlynhotel.com\/wp-content\/uploads\/2023\/03\/amberlyn_vektor_ujlogo-3.png\",\"contentUrl\":\"https:\/\/amberlynhotel.com\/wp-content\/uploads\/2023\/03\/amberlyn_vektor_ujlogo-3.png\",\"width\":800,\"height\":232,\"caption\":\"The Amberlyn Suite Hotel Budapest\"},\"image\":{\"@id\":\"https:\/\/amberlynhotel.com\/hu\/#\/schema\/logo\/image\/\"}},{\"@type\":\"Person\",\"@id\":\"https:\/\/amberlynhotel.com\/hu\/#\/schema\/person\/45bebbc7062086cca9890a923cd12293\",\"name\":\"WSTeam\",\"image\":{\"@type\":\"ImageObject\",\"inLanguage\":\"hu\",\"@id\":\"https:\/\/amberlynhotel.com\/hu\/#\/schema\/person\/image\/\",\"url\":\"https:\/\/secure.gravatar.com\/avatar\/9c89773cafa3c47430f96e37d8f4b3ee3522b517e02398c250053813f49f1603?s=96&d=mm&r=g\",\"contentUrl\":\"https:\/\/secure.gravatar.com\/avatar\/9c89773cafa3c47430f96e37d8f4b3ee3522b517e02398c250053813f49f1603?s=96&d=mm&r=g\",\"caption\":\"WSTeam\"},\"url\":\"https:\/\/amberlynhotel.com\/hu\/author\/wsteam\/\"}]}<\/script>\n<!-- \/ Yoast SEO plugin. -->","yoast_head_json":{"title":"Mi a teend\u0151 Budapesten j\u00faniusban 2025","description":"J\u00faniusban Budapestre l\u00e1togat? Nagyszer\u0171; Zene, sport, buli, egy teljes szabadid\u0151s lista tele tennival\u00f3kkal \u00e9s l\u00e1tnival\u00f3kkal a magyar f\u0151v\u00e1rosban tett kir\u00e1ndul\u00e1sod sor\u00e1n.","robots":{"index":"index","follow":"follow","max-snippet":"max-snippet:-1","max-image-preview":"max-image-preview:large","max-video-preview":"max-video-preview:-1"},"canonical":"https:\/\/amberlynhotel.com\/hu\/mi-a-teendo-budapesten-juniusban\/","og_locale":"hu_HU","og_type":"article","og_title":"Mi a teend\u0151 Budapesten j\u00faniusban 2025","og_description":"J\u00faniusban Budapestre l\u00e1togat? Nagyszer\u0171; Zene, sport, buli, egy teljes szabadid\u0151s lista tele tennival\u00f3kkal \u00e9s l\u00e1tnival\u00f3kkal a magyar f\u0151v\u00e1rosban tett kir\u00e1ndul\u00e1sod sor\u00e1n.","og_url":"https:\/\/amberlynhotel.com\/hu\/mi-a-teendo-budapesten-juniusban\/","og_site_name":"The Amberlyn Suite Hotel Budapest","article_published_time":"2024-11-17T08:02:37+00:00","article_modified_time":"2024-12-16T14:11:21+00:00","og_image":[{"width":750,"height":500,"url":"https:\/\/amberlynhotel.com\/wp-content\/uploads\/2023\/09\/danube.png","type":"image\/png"}],"author":"WSTeam","twitter_card":"summary_large_image","twitter_misc":{"Szerz\u0151:":"WSTeam","Becs\u00fclt olvas\u00e1si id\u0151":"5 perc"},"schema":{"@context":"https:\/\/schema.org","@graph":[{"@type":"Article","@id":"https:\/\/amberlynhotel.com\/hu\/mi-a-teendo-budapesten-juniusban\/#article","isPartOf":{"@id":"https:\/\/amberlynhotel.com\/hu\/mi-a-teendo-budapesten-juniusban\/"},"author":{"name":"WSTeam","@id":"https:\/\/amberlynhotel.com\/hu\/#\/schema\/person\/45bebbc7062086cca9890a923cd12293"},"headline":"Mi a teend\u0151 Budapesten j\u00faniusban 2025","datePublished":"2024-11-17T08:02:37+00:00","dateModified":"2024-12-16T14:11:21+00:00","mainEntityOfPage":{"@id":"https:\/\/amberlynhotel.com\/hu\/mi-a-teendo-budapesten-juniusban\/"},"wordCount":1656,"publisher":{"@id":"https:\/\/amberlynhotel.com\/hu\/#organization"},"image":{"@id":"https:\/\/amberlynhotel.com\/hu\/mi-a-teendo-budapesten-juniusban\/#primaryimage"},"thumbnailUrl":"https:\/\/amberlynhotel.com\/wp-content\/uploads\/2023\/09\/danube.png","articleSection":["\u00c9telek","Szabadid\u0151"],"inLanguage":"hu"},{"@type":"WebPage","@id":"https:\/\/amberlynhotel.com\/hu\/mi-a-teendo-budapesten-juniusban\/","url":"https:\/\/amberlynhotel.com\/hu\/mi-a-teendo-budapesten-juniusban\/","name":"Mi a teend\u0151 Budapesten j\u00faniusban 2025","isPartOf":{"@id":"https:\/\/amberlynhotel.com\/hu\/#website"},"primaryImageOfPage":{"@id":"https:\/\/amberlynhotel.com\/hu\/mi-a-teendo-budapesten-juniusban\/#primaryimage"},"image":{"@id":"https:\/\/amberlynhotel.com\/hu\/mi-a-teendo-budapesten-juniusban\/#primaryimage"},"thumbnailUrl":"https:\/\/amberlynhotel.com\/wp-content\/uploads\/2023\/09\/danube.png","datePublished":"2024-11-17T08:02:37+00:00","dateModified":"2024-12-16T14:11:21+00:00","description":"J\u00faniusban Budapestre l\u00e1togat? Nagyszer\u0171; Zene, sport, buli, egy teljes szabadid\u0151s lista tele tennival\u00f3kkal \u00e9s l\u00e1tnival\u00f3kkal a magyar f\u0151v\u00e1rosban tett kir\u00e1ndul\u00e1sod sor\u00e1n.","inLanguage":"hu","potentialAction":[{"@type":"ReadAction","target":["https:\/\/amberlynhotel.com\/hu\/mi-a-teendo-budapesten-juniusban\/"]}]},{"@type":"ImageObject","inLanguage":"hu","@id":"https:\/\/amberlynhotel.com\/hu\/mi-a-teendo-budapesten-juniusban\/#primaryimage","url":"https:\/\/amberlynhotel.com\/wp-content\/uploads\/2023\/09\/danube.png","contentUrl":"https:\/\/amberlynhotel.com\/wp-content\/uploads\/2023\/09\/danube.png","width":750,"height":500},{"@type":"WebSite","@id":"https:\/\/amberlynhotel.com\/hu\/#website","url":"https:\/\/amberlynhotel.com\/hu\/","name":"The Amberlyn Suite Hotel Budapest","description":"Hotel","publisher":{"@id":"https:\/\/amberlynhotel.com\/hu\/#organization"},"potentialAction":[{"@type":"SearchAction","target":{"@type":"EntryPoint","urlTemplate":"https:\/\/amberlynhotel.com\/hu\/?s={search_term_string}"},"query-input":{"@type":"PropertyValueSpecification","valueRequired":true,"valueName":"search_term_string"}}],"inLanguage":"hu"},{"@type":"Organization","@id":"https:\/\/amberlynhotel.com\/hu\/#organization","name":"The Amberlyn Suite Hotel Budapest","url":"https:\/\/amberlynhotel.com\/hu\/","logo":{"@type":"ImageObject","inLanguage":"hu","@id":"https:\/\/amberlynhotel.com\/hu\/#\/schema\/logo\/image\/","url":"https:\/\/amberlynhotel.com\/wp-content\/uploads\/2023\/03\/amberlyn_vektor_ujlogo-3.png","contentUrl":"https:\/\/amberlynhotel.com\/wp-content\/uploads\/2023\/03\/amberlyn_vektor_ujlogo-3.png","width":800,"height":232,"caption":"The Amberlyn Suite Hotel Budapest"},"image":{"@id":"https:\/\/amberlynhotel.com\/hu\/#\/schema\/logo\/image\/"}},{"@type":"Person","@id":"https:\/\/amberlynhotel.com\/hu\/#\/schema\/person\/45bebbc7062086cca9890a923cd12293","name":"WSTeam","image":{"@type":"ImageObject","inLanguage":"hu","@id":"https:\/\/amberlynhotel.com\/hu\/#\/schema\/person\/image\/","url":"https:\/\/secure.gravatar.com\/avatar\/9c89773cafa3c47430f96e37d8f4b3ee3522b517e02398c250053813f49f1603?s=96&d=mm&r=g","contentUrl":"https:\/\/secure.gravatar.com\/avatar\/9c89773cafa3c47430f96e37d8f4b3ee3522b517e02398c250053813f49f1603?s=96&d=mm&r=g","caption":"WSTeam"},"url":"https:\/\/amberlynhotel.com\/hu\/author\/wsteam\/"}]}},"_links":{"self":[{"href":"https:\/\/amberlynhotel.com\/hu\/wp-json\/wp\/v2\/posts\/943","targetHints":{"allow":["GET"]}}],"collection":[{"href":"https:\/\/amberlynhotel.com\/hu\/wp-json\/wp\/v2\/posts"}],"about":[{"href":"https:\/\/amberlynhotel.com\/hu\/wp-json\/wp\/v2\/types\/post"}],"author":[{"embeddable":true,"href":"https:\/\/amberlynhotel.com\/hu\/wp-json\/wp\/v2\/users\/4"}],"replies":[{"embeddable":true,"href":"https:\/\/amberlynhotel.com\/hu\/wp-json\/wp\/v2\/comments?post=943"}],"version-history":[{"count":1,"href":"https:\/\/amberlynhotel.com\/hu\/wp-json\/wp\/v2\/posts\/943\/revisions"}],"predecessor-version":[{"id":1034,"href":"https:\/\/amberlynhotel.com\/hu\/wp-json\/wp\/v2\/posts\/943\/revisions\/1034"}],"wp:featuredmedia":[{"embeddable":true,"href":"https:\/\/amberlynhotel.com\/hu\/wp-json\/wp\/v2\/media\/761"}],"wp:attachment":[{"href":"https:\/\/amberlynhotel.com\/hu\/wp-json\/wp\/v2\/media?parent=943"}],"wp:term":[{"taxonomy":"category","embeddable":true,"href":"https:\/\/amberlynhotel.com\/hu\/wp-json\/wp\/v2\/categories?post=943"},{"taxonomy":"post_tag","embeddable":true,"href":"https:\/\/amberlynhotel.com\/hu\/wp-json\/wp\/v2\/tags?post=943"}],"curies":[{"name":"wp","href":"https:\/\/api.w.org\/{rel}","templated":true}]}}